{"id":1010,"date":"2015-07-06T18:34:56","date_gmt":"2015-07-06T16:34:56","guid":{"rendered":"http:\/\/www.amisaintcolomban.org\/wordpress\/?p=1010"},"modified":"2017-05-03T10:03:05","modified_gmt":"2017-05-03T08:03:05","slug":"annegray-la-barque-de-leglise-sur-le-site-colombanien","status":"publish","type":"post","link":"https:\/\/www.amisaintcolomban.org\/wordpress\/annegray-la-barque-de-leglise-sur-le-site-colombanien\/","title":{"rendered":"Annegray&#160;: la barque de l&rsquo;\u00c9glise sur le site colombanien"},"content":{"rendered":"<p><a href=\"http:\/\/besancon.mondio16.com\/mini_site\/UP_Luxeuil-Est-Saint-Colomban\/?p=6233\"><img data-attachment-id=\"1013\" data-permalink=\"https:\/\/www.amisaintcolomban.org\/wordpress\/annegray-la-barque-de-leglise-sur-le-site-colombanien\/eveil-a-la-foi-luxeuil-14-mai-2015-33\/\" data-orig-file=\"https:\/\/www.amisaintcolomban.org\/wordpress\/wp-content\/uploads\/Eveil-\u00e0-la-Foi-Luxeuil-14-mai-2015-33.jpg\" data-orig-size=\"2272,1704\" data-comments-opened=\"1\" data-image-meta=\"{&quot;aperture&quot;:&quot;4.2&quot;,&quot;credit&quot;:&quot;&quot;,&quot;camera&quot;:&quot;COOLPIX P520&quot;,&quot;caption&quot;:&quot;&quot;,&quot;created_timestamp&quot;:&quot;1431587888&quot;,&quot;copyright&quot;:&quot;&quot;,&quot;focal_length&quot;:&quot;18.7&quot;,&quot;iso&quot;:&quot;800&quot;,&quot;shutter_speed&quot;:&quot;0.1&quot;,&quot;title&quot;:&quot;&quot;,&quot;orientation&quot;:&quot;1&quot;}\" data-image-title=\"Eveil-\u00e0-la-Foi-Luxeuil-14-mai-2015-33\" data-image-description=\"\" data-image-caption=\"\" data-medium-file=\"https:\/\/www.amisaintcolomban.org\/wordpress\/wp-content\/uploads\/Eveil-\u00e0-la-Foi-Luxeuil-14-mai-2015-33-300x225.jpg\" data-large-file=\"https:\/\/www.amisaintcolomban.org\/wordpress\/wp-content\/uploads\/Eveil-\u00e0-la-Foi-Luxeuil-14-mai-2015-33-1024x768.jpg\" loading=\"lazy\" class=\"alignnone wp-image-1013 size-large\" src=\"http:\/\/www.amisaintcolomban.org\/wordpress\/wp-content\/uploads\/Eveil-\u00e0-la-Foi-Luxeuil-14-mai-2015-33-1024x768.jpg\" alt=\"Eveil-\u00e0-la-Foi-Luxeuil-14-mai-2015-33\" width=\"700\" height=\"525\" srcset=\"https:\/\/www.amisaintcolomban.org\/wordpress\/wp-content\/uploads\/Eveil-\u00e0-la-Foi-Luxeuil-14-mai-2015-33-1024x768.jpg 1024w, https:\/\/www.amisaintcolomban.org\/wordpress\/wp-content\/uploads\/Eveil-\u00e0-la-Foi-Luxeuil-14-mai-2015-33-300x225.jpg 300w\" sizes=\"(max-width: 700px) 100vw, 700px\" \/><\/a><\/p>\n<p style=\"text-align: justify;\">Comme chaque ann\u00e9e \u00e0 pareille \u00e9poque, les Amis de saint Colomban sont convi\u00e9s, le dimanche 12 juillet 2015, \u00e0 rejoindre la communaut\u00e9 paroissiale Sainte-Anne (Vall\u00e9e du Breuchin) sur le site d&rsquo;Annegray pour la messe dominicale de\u00a010 h 30.<\/p>\n<p style=\"text-align: justify;\">Cette rencontre annuelle fait partie des traditions mises en place par Gilles Cugnier depuis plusieurs d\u00e9cennies au sein de notre association. C&rsquo;est une mani\u00e8re de lui rendre hommage en cette ann\u00e9e colombanienne.<\/p>\n<p style=\"text-align: justify;\">En cette ann\u00e9e o\u00f9 nous comm\u00e9morons le 14\u00e8me centenaire de la mort de saint Colomban, la paroisse de la Vall\u00e9e du Breuchin, et son coordonnateur, le p\u00e8re Bernard Garret, ont voulu donner un caract\u00e8re particulier \u00e0 cette c\u00e9l\u00e9bration.<\/p>\n<p style=\"text-align: justify;\">La messe sera donc plac\u00e9e sous le\u00a0\u00a0th\u00e8me de la \u00ab\u00a0barque de l&rsquo;\u00c9glise,\u00a0\u00bb ballott\u00e9e par des vagues de difficult\u00e9s au long des si\u00e8cles, mais soutenue par le Christ qui a apais\u00e9 la temp\u00eate sur la mer de Galil\u00e9e&#8230; et pouss\u00e9e en avant par le souffle de l&rsquo;Esprit, au temps de St Colomban, aujourd&rsquo;hui et demain&#8230; Et nous pourrons d\u00e9couvrir &#8211; ou red\u00e9couvrir &#8211; la barque construite pour la j<a href=\"http:\/\/besancon.mondio16.com\/mini_site\/UP_Luxeuil-Est-Saint-Colomban\/?p=6233\">ourn\u00e9e dioc\u00e8saine de l&rsquo;\u00c9veil \u00e0 la Foi<\/a>, et expos\u00e9e dans la Basilique le\u00a0jeudi de l&rsquo;Ascension.<br \/>\nNous ne d\u00e9plierons la voile qu&rsquo;a la fin de la messe avec le chant d&rsquo;envoi. (p\u00e8re Bernard Garret)<\/p>\n<p style=\"text-align: justify;\">La messe sera suivie du verre de l&rsquo;amiti\u00e9 et du pique-nique tir\u00e9 du sac. Esp\u00e9rons qu&rsquo;il fera beau et que la barque, pr\u00eat\u00e9e par la paroisse de Luxeuil, pourra \u00eatre plac\u00e9e devant l&rsquo;autel sur le site d&rsquo;Annegray et entour\u00e9e par l&rsquo;assembl\u00e9e.\u00a0S&rsquo;il pleut,nous devrons nous rabattre sur l&rsquo;\u00e9glise de Faucogney.<\/p>\n","protected":false},"excerpt":{"rendered":"<p>Comme chaque ann\u00e9e \u00e0 pareille \u00e9poque, les Amis de saint Colomban sont convi\u00e9s, le dimanche 12 juillet 2015, \u00e0 rejoindre la communaut\u00e9 paroissiale Sainte-Anne (Vall\u00e9e du Breuchin) sur le site d&rsquo;Annegray pour la messe dominicale de\u00a010 h 30. Cette rencontre&hellip; <\/p>\n","protected":false},"author":3,"featured_media":1013,"comment_status":"open","ping_status":"open","sticky":false,"template":"","format":"standard","meta":{"jetpack_post_was_ever_published":false,"jetpack_publicize_message":"","jetpack_is_tweetstorm":false,"jetpack_publicize_feature_enabled":true,"jetpack_social_post_already_shared":true,"jetpack_social_options":{"image_generator_settings":{"template":"highway","enabled":false}}},"categories":[27],"tags":[],"jetpack_publicize_connections":[],"jetpack_featured_media_url":"https:\/\/www.amisaintcolomban.org\/wordpress\/wp-content\/uploads\/Eveil-\u00e0-la-Foi-Luxeuil-14-mai-2015-33.jpg","jetpack_sharing_enabled":true,"jetpack_shortlink":"https:\/\/wp.me\/p5rJPU-gi","_links":{"self":[{"href":"https:\/\/www.amisaintcolomban.org\/wordpress\/wp-json\/wp\/v2\/posts\/1010"}],"collection":[{"href":"https:\/\/www.amisaintcolomban.org\/wordpress\/wp-json\/wp\/v2\/posts"}],"about":[{"href":"https:\/\/www.amisaintcolomban.org\/wordpress\/wp-json\/wp\/v2\/types\/post"}],"author":[{"embeddable":true,"href":"https:\/\/www.amisaintcolomban.org\/wordpress\/wp-json\/wp\/v2\/users\/3"}],"replies":[{"embeddable":true,"href":"https:\/\/www.amisaintcolomban.org\/wordpress\/wp-json\/wp\/v2\/comments?post=1010"}],"version-history":[{"count":3,"href":"https:\/\/www.amisaintcolomban.org\/wordpress\/wp-json\/wp\/v2\/posts\/1010\/revisions"}],"predecessor-version":[{"id":4707,"href":"https:\/\/www.amisaintcolomban.org\/wordpress\/wp-json\/wp\/v2\/posts\/1010\/revisions\/4707"}],"wp:featuredmedia":[{"embeddable":true,"href":"https:\/\/www.amisaintcolomban.org\/wordpress\/wp-json\/wp\/v2\/media\/1013"}],"wp:attachment":[{"href":"https:\/\/www.amisaintcolomban.org\/wordpress\/wp-json\/wp\/v2\/media?parent=1010"}],"wp:term":[{"taxonomy":"category","embeddable":true,"href":"https:\/\/www.amisaintcolomban.org\/wordpress\/wp-json\/wp\/v2\/categories?post=1010"},{"taxonomy":"post_tag","embeddable":true,"href":"https:\/\/www.amisaintcolomban.org\/wordpress\/wp-json\/wp\/v2\/tags?post=1010"}],"curies":[{"name":"wp","href":"https:\/\/api.w.org\/{rel}","templated":true}]}}