{"id":4671,"date":"2017-05-02T16:52:26","date_gmt":"2017-05-02T14:52:26","guid":{"rendered":"http:\/\/www.amisaintcolomban.org\/wordpress\/?p=4671"},"modified":"2017-05-02T16:58:34","modified_gmt":"2017-05-02T14:58:34","slug":"les-partenaires-du-chemin","status":"publish","type":"post","link":"https:\/\/www.amisaintcolomban.org\/wordpress\/les-partenaires-du-chemin\/","title":{"rendered":"Les partenaires du Chemin"},"content":{"rendered":"<p style=\"text-align: justify;\">La ville de Luxeuil-les-Bains et l&rsquo;association des <a href=\"http:\/\/www.amisaintcolomban.org\/wordpress\/lassociation\/\">Amis de saint Colomban<\/a> adh\u00e8rent \u00e0 un projet europ\u00e9en&#160;: \u00ab\u00a0<a href=\"http:\/\/www.amisaintcolomban.org\/wordpress\/presentation-du-chemin-de-saint-colomban\/\">le Chemin Europ\u00e9en de saint Colomban<\/a>\u00ab\u00a0. Ce chemin de 6 600 kilom\u00e8tres traverse 9 pays europ\u00e9ens, dont 3 600 kilom\u00e8tres en France.<\/p>\n<p style=\"text-align: justify;\">Les villes symbolisant les \u00e9tapes majeures de la vie de saint Colomban (Bangor, lieu de sa formation, Luxeuil, t\u00e9moin de son oeuvre et Bobbio, sa derni\u00e8re fondation monastique), avec le concours des associations colombaniennes en Europe gestionnaires du Chemin europ\u00e9en, se sont f\u00e9d\u00e9r\u00e9es depuis 2014 en une association europ\u00e9enne.<\/p>\n<table style=\"height: 356px; width: 597px;\">\n<tbody>\n<tr style=\"height: 24px;\">\n<td style=\"width: 99px; height: 24px; text-align: center;\"><strong>Pays<\/strong><\/td>\n<td style=\"width: 231px; height: 24px; text-align: center;\"><strong>Acteurs<\/strong><\/td>\n<td style=\"width: 190px; height: 24px; text-align: center;\"><strong>Localisation<\/strong><\/td>\n<\/tr>\n<tr style=\"height: 24px;\">\n<td style=\"width: 99px; height: 24px; text-align: center;\">Royaume-Uni<\/td>\n<td style=\"width: 231px; height: 24px; text-align: center;\">Friends of Columbanus<\/td>\n<td style=\"width: 190px; height: 24px; text-align: center;\">Bangor<\/td>\n<\/tr>\n<tr style=\"height: 24px;\">\n<td style=\"width: 99px; height: 24px; text-align: center;\">Irlande<\/td>\n<td style=\"width: 231px; height: 24px; text-align: center;\">Friends of St Columban<\/td>\n<td style=\"width: 190px; height: 24px; text-align: center;\">Dublin<\/td>\n<\/tr>\n<tr style=\"height: 1px;\">\n<td style=\"width: 99px; height: 1px; text-align: center;\">France<\/td>\n<td style=\"width: 231px; height: 1px; text-align: center;\">Les Amis Bretons de Colomban<\/td>\n<td style=\"width: 190px; height: 1px; text-align: center;\">Saint-Coulomb<\/td>\n<\/tr>\n<tr style=\"height: 24px;\">\n<td style=\"width: 99px; height: 24px; text-align: center;\">France<\/td>\n<td style=\"width: 231px; height: 24px; text-align: center;\">Les Amis de saint Colomban<\/td>\n<td style=\"width: 190px; height: 24px; text-align: center;\">Luxeuil-les-Bains<\/td>\n<\/tr>\n<tr style=\"height: 24px;\">\n<td style=\"width: 99px; height: 24px; text-align: center;\">Italie<\/td>\n<td style=\"width: 231px; height: 24px; text-align: center;\">Di Amici San Colombano per Europa<\/td>\n<td style=\"width: 190px; height: 24px; text-align: center;\">San Colombano al Lambro<\/td>\n<\/tr>\n<tr style=\"height: 24px;\">\n<td style=\"width: 99px; height: 24px; text-align: center;\">Italie<\/td>\n<td style=\"width: 231px; height: 24px; text-align: center;\">Amici di San Colombano<\/td>\n<td style=\"width: 190px; height: 24px; text-align: center;\">Bobbio<\/td>\n<\/tr>\n<\/tbody>\n<\/table>\n","protected":false},"excerpt":{"rendered":"<p>La ville de Luxeuil-les-Bains et l&rsquo;association des Amis de saint Colomban adh\u00e8rent \u00e0 un projet europ\u00e9en&#160;: \u00ab\u00a0le Chemin Europ\u00e9en de saint Colomban\u00ab\u00a0. Ce chemin de 6 600 kilom\u00e8tres traverse 9 pays europ\u00e9ens, dont 3 600 kilom\u00e8tres en France. Les villes&hellip; <\/p>\n","protected":false},"author":6,"featured_media":0,"comment_status":"open","ping_status":"open","sticky":false,"template":"","format":"standard","meta":{"jetpack_post_was_ever_published":false,"jetpack_publicize_message":"","jetpack_is_tweetstorm":false,"jetpack_publicize_feature_enabled":true,"jetpack_social_post_already_shared":true,"jetpack_social_options":{"image_generator_settings":{"template":"highway","enabled":false}}},"categories":[24],"tags":[],"jetpack_publicize_connections":[],"jetpack_featured_media_url":"","jetpack_sharing_enabled":true,"jetpack_shortlink":"https:\/\/wp.me\/p5rJPU-1dl","_links":{"self":[{"href":"https:\/\/www.amisaintcolomban.org\/wordpress\/wp-json\/wp\/v2\/posts\/4671"}],"collection":[{"href":"https:\/\/www.amisaintcolomban.org\/wordpress\/wp-json\/wp\/v2\/posts"}],"about":[{"href":"https:\/\/www.amisaintcolomban.org\/wordpress\/wp-json\/wp\/v2\/types\/post"}],"author":[{"embeddable":true,"href":"https:\/\/www.amisaintcolomban.org\/wordpress\/wp-json\/wp\/v2\/users\/6"}],"replies":[{"embeddable":true,"href":"https:\/\/www.amisaintcolomban.org\/wordpress\/wp-json\/wp\/v2\/comments?post=4671"}],"version-history":[{"count":3,"href":"https:\/\/www.amisaintcolomban.org\/wordpress\/wp-json\/wp\/v2\/posts\/4671\/revisions"}],"predecessor-version":[{"id":4678,"href":"https:\/\/www.amisaintcolomban.org\/wordpress\/wp-json\/wp\/v2\/posts\/4671\/revisions\/4678"}],"wp:attachment":[{"href":"https:\/\/www.amisaintcolomban.org\/wordpress\/wp-json\/wp\/v2\/media?parent=4671"}],"wp:term":[{"taxonomy":"category","embeddable":true,"href":"https:\/\/www.amisaintcolomban.org\/wordpress\/wp-json\/wp\/v2\/categories?post=4671"},{"taxonomy":"post_tag","embeddable":true,"href":"https:\/\/www.amisaintcolomban.org\/wordpress\/wp-json\/wp\/v2\/tags?post=4671"}],"curies":[{"name":"wp","href":"https:\/\/api.w.org\/{rel}","templated":true}]}}