{"id":4750,"date":"2017-05-03T14:35:55","date_gmt":"2017-05-03T12:35:55","guid":{"rendered":"http:\/\/www.amisaintcolomban.org\/wordpress\/?p=4750"},"modified":"2017-05-09T10:11:10","modified_gmt":"2017-05-09T08:11:10","slug":"annegray-fouilles-archeologiques-test-en-2012","status":"publish","type":"post","link":"https:\/\/www.amisaintcolomban.org\/wordpress\/annegray-fouilles-archeologiques-test-en-2012\/","title":{"rendered":"Annegray, fouilles arch\u00e9ologiques test en 2012"},"content":{"rendered":"<p style=\"text-align: justify;\">La prospection g\u00e9ophysique de 2011 a \u00e9t\u00e9 r\u00e9alis\u00e9e sur une grande partie des pr\u00e9s entourant le site d\u2019<a href=\"http:\/\/www.amisaintcolomban.org\/wordpress\/387-2\/\">Annegray<\/a>. Apr\u00e8s analyse des relev\u00e9s g\u00e9ophysiques, S\u00e9bastien Bully a constat\u00e9 une structure \u00e0 double enclos quadrangulaire.<\/p>\n<p>Deux types de prospections ont \u00e9t\u00e9 r\u00e9alis\u00e9s&#160;:<\/p>\n<ul>\n<li>variations magn\u00e9tiques,<\/li>\n<li>\u00a0r\u00e9sistivit\u00e9 \u00e9lectrique.<\/li>\n<\/ul>\n<p><img data-attachment-id=\"4752\" data-permalink=\"https:\/\/www.amisaintcolomban.org\/wordpress\/annegray-fouilles-archeologiques-test-en-2012\/annegray-2012\/\" data-orig-file=\"https:\/\/www.amisaintcolomban.org\/wordpress\/wp-content\/uploads\/Annegray-2012.png\" data-orig-size=\"503,283\" data-comments-opened=\"1\" data-image-meta=\"{&quot;aperture&quot;:&quot;0&quot;,&quot;credit&quot;:&quot;&quot;,&quot;camera&quot;:&quot;&quot;,&quot;caption&quot;:&quot;&quot;,&quot;created_timestamp&quot;:&quot;0&quot;,&quot;copyright&quot;:&quot;&quot;,&quot;focal_length&quot;:&quot;0&quot;,&quot;iso&quot;:&quot;0&quot;,&quot;shutter_speed&quot;:&quot;0&quot;,&quot;title&quot;:&quot;&quot;,&quot;orientation&quot;:&quot;0&quot;}\" data-image-title=\"Annegray 2012\" data-image-description=\"\" data-image-caption=\"\" data-medium-file=\"https:\/\/www.amisaintcolomban.org\/wordpress\/wp-content\/uploads\/Annegray-2012-300x169.png\" data-large-file=\"https:\/\/www.amisaintcolomban.org\/wordpress\/wp-content\/uploads\/Annegray-2012.png\" loading=\"lazy\" class=\" wp-image-4752 aligncenter\" src=\"http:\/\/www.amisaintcolomban.org\/wordpress\/wp-content\/uploads\/Annegray-2012-300x169.png\" alt=\"\" width=\"344\" height=\"194\" srcset=\"https:\/\/www.amisaintcolomban.org\/wordpress\/wp-content\/uploads\/Annegray-2012-300x169.png 300w, https:\/\/www.amisaintcolomban.org\/wordpress\/wp-content\/uploads\/Annegray-2012.png 503w\" sizes=\"(max-width: 344px) 100vw, 344px\" \/><\/p>\n<p style=\"text-align: justify;\">La surface du site indiqu\u00e9e sur les \u00ab\u00a0cartes radars\u00a0\u00bb avoisine les 3000m<sup>2<\/sup>, les arch\u00e9ologues ont donc choisi une zone de fouille arch\u00e9ologique test. Au nord de la fouille un poteau a \u00e9t\u00e9 d\u00e9gag\u00e9 ainsi que divers morceaux de planches et chevilles en bois. Une datation dendrochronologie des bois est en cours. Cette d\u00e9couverte permet de valider la pr\u00e9sence d\u2019un petit ch\u00e2teau datant du XIIe ou XIIIe si\u00e8cle.<\/p>\n<p style=\"text-align: justify;\">Parall\u00e8lement \u00e0 la fouille arch\u00e9ologique dans la prairie en contre bas du petit monticule, S\u00e9bastien Bully a souhait\u00e9 faire un sondage sur la partie est de l\u2019\u00e9glise prieurale du Moyen \u00e2ge. Dans la partie de ce sondage nous retrouvons le n\u00e9gatif du mur de l\u2019\u00e9glise romane combl\u00e9 par des pierres ainsi qu\u2019une s\u00e9pulture. Malheureusement, le sol g\u00e9ologique est tr\u00e8s proche et aucun vestige ant\u00e9rieur \u00e0 l\u2019\u00e9glise romane n\u2019est conserv\u00e9 dans ce secteur.<\/p>\n<p style=\"text-align: justify;\">Dans la prairie, S\u00e9bastien Bully confi rme la pr\u00e9sence d\u2019une structure m\u00e9di\u00e9vale aux dimensions importantes, qui laisse \u00e0 penser \u00e0 un petit ch\u00e2teau (XIIe ou XIIIe si\u00e8cle) fait de murs en torchis et entour\u00e9 d\u2019un foss\u00e9 de 12 \u00e0 13 m de large.<\/p>\n<p style=\"text-align: right;\"><em>(Extrait du compte-rendu de S\u00e9bastien Bully)<\/em><\/p>\n","protected":false},"excerpt":{"rendered":"<p>La prospection g\u00e9ophysique de 2011 a \u00e9t\u00e9 r\u00e9alis\u00e9e sur une grande partie des pr\u00e9s entourant le site d\u2019Annegray. Apr\u00e8s analyse des relev\u00e9s g\u00e9ophysiques, S\u00e9bastien Bully a constat\u00e9 une structure \u00e0 double enclos quadrangulaire. Deux types de prospections ont \u00e9t\u00e9 r\u00e9alis\u00e9s&#160;:&hellip; <\/p>\n","protected":false},"author":6,"featured_media":4752,"comment_status":"open","ping_status":"open","sticky":false,"template":"","format":"standard","meta":{"jetpack_post_was_ever_published":false,"jetpack_publicize_message":"","jetpack_is_tweetstorm":false,"jetpack_publicize_feature_enabled":true,"jetpack_social_post_already_shared":true,"jetpack_social_options":{"image_generator_settings":{"template":"highway","enabled":false}}},"categories":[31],"tags":[33,34,32],"jetpack_publicize_connections":[],"jetpack_featured_media_url":"https:\/\/www.amisaintcolomban.org\/wordpress\/wp-content\/uploads\/Annegray-2012.png","jetpack_sharing_enabled":true,"jetpack_shortlink":"https:\/\/wp.me\/p5rJPU-1eC","_links":{"self":[{"href":"https:\/\/www.amisaintcolomban.org\/wordpress\/wp-json\/wp\/v2\/posts\/4750"}],"collection":[{"href":"https:\/\/www.amisaintcolomban.org\/wordpress\/wp-json\/wp\/v2\/posts"}],"about":[{"href":"https:\/\/www.amisaintcolomban.org\/wordpress\/wp-json\/wp\/v2\/types\/post"}],"author":[{"embeddable":true,"href":"https:\/\/www.amisaintcolomban.org\/wordpress\/wp-json\/wp\/v2\/users\/6"}],"replies":[{"embeddable":true,"href":"https:\/\/www.amisaintcolomban.org\/wordpress\/wp-json\/wp\/v2\/comments?post=4750"}],"version-history":[{"count":3,"href":"https:\/\/www.amisaintcolomban.org\/wordpress\/wp-json\/wp\/v2\/posts\/4750\/revisions"}],"predecessor-version":[{"id":4761,"href":"https:\/\/www.amisaintcolomban.org\/wordpress\/wp-json\/wp\/v2\/posts\/4750\/revisions\/4761"}],"wp:featuredmedia":[{"embeddable":true,"href":"https:\/\/www.amisaintcolomban.org\/wordpress\/wp-json\/wp\/v2\/media\/4752"}],"wp:attachment":[{"href":"https:\/\/www.amisaintcolomban.org\/wordpress\/wp-json\/wp\/v2\/media?parent=4750"}],"wp:term":[{"taxonomy":"category","embeddable":true,"href":"https:\/\/www.amisaintcolomban.org\/wordpress\/wp-json\/wp\/v2\/categories?post=4750"},{"taxonomy":"post_tag","embeddable":true,"href":"https:\/\/www.amisaintcolomban.org\/wordpress\/wp-json\/wp\/v2\/tags?post=4750"}],"curies":[{"name":"wp","href":"https:\/\/api.w.org\/{rel}","templated":true}]}}