{"id":4784,"date":"2017-05-03T16:07:39","date_gmt":"2017-05-03T14:07:39","guid":{"rendered":"http:\/\/www.amisaintcolomban.org\/wordpress\/?p=4784"},"modified":"2017-06-08T13:36:35","modified_gmt":"2017-06-08T11:36:35","slug":"fontaine-nouvelles-decouvertes-archeologiques-en-2016","status":"publish","type":"post","link":"https:\/\/www.amisaintcolomban.org\/wordpress\/fontaine-nouvelles-decouvertes-archeologiques-en-2016\/","title":{"rendered":"Fontaine&#160;: nouvelles d\u00e9couvertes arch\u00e9ologiques en 2016"},"content":{"rendered":"<p style=\"text-align: justify;\">Alors que l\u2019hagiographie affirmait que Colomban avait fond\u00e9 les monast\u00e8res d\u2019Annegray et de Luxeuil sur des ruines inhabit\u00e9es, les fouilles arch\u00e9ologiques r\u00e9centes ont montr\u00e9 une occupation continue de l\u2019agglom\u00e9ration de Luxovium (Luxeuil) du Haut-Empire jusqu\u2019\u00e0 l\u2019arriv\u00e9e de Colomban. Le site de Fontaine \u00e9tait-il lui aussi occup\u00e9 avant la fin du VI<sup>e<\/sup> si\u00e8cle&#160;?<\/p>\n<p style=\"text-align: justify;\">Un tron\u00e7on est arch\u00e9ologiquement attest\u00e9 au sud-est du village. O\u00f9 se trouvait le monast\u00e8re de Colomban&#160;? On le situe conventionnellement \u00e0 l\u2019emplacement du prieur\u00e9 de l\u2019\u00e9poque moderne, au centre du village de Fontaine. L\u2019implantation du monast\u00e8re \u00e0 cet endroit n\u2019est cependant pas attest\u00e9e avant le XIIe si\u00e8cle.<\/p>\n<p style=\"text-align: justify;\">Des sondages arch\u00e9ologiques ont pu \u00eatre effectuer \u00e0 proximit\u00e9 de la maison de la Vieille Cure, o\u00f9 des sarcophages ont \u00e9t\u00e9 retrouv\u00e9s. Ces sondages ont permis de retrouver des s\u00e9pultures en cercueils de l\u2019Epoque moderne, un drain d\u2019\u00e9poque ind\u00e9termin\u00e9e, et une tranch\u00e9e de fondation de mur contenant des tuiles romaines et m\u00e9rovingiennes. Mais le principal r\u00e9sultat de ces sondages a \u00e9t\u00e9 la d\u00e9couverte des murs d\u2019une \u00e9glise. La premi\u00e8re phase de cette \u00e9glise serait m\u00e9rovingienne, \u00e9tant donn\u00e9 son plan similaire \u00e0 l\u2019\u00e9glise Saint-Martin de Luxeuil. Un \u00e9difice carolingien ou roman semble avoir \u00e9t\u00e9 ensuite construit sur les fondations m\u00e9rovingiennes en suivant leur trac\u00e9.<\/p>\n<p style=\"text-align: justify;\">Les arch\u00e9ologues se sont\u00a0ensuite int\u00e9ress\u00e9s au site du Prieur\u00e9, pour tenter de d\u00e9limiter l\u2019emprise qu\u2019occupait la cl\u00f4ture, conna\u00eetre l\u2019emplacement et l\u2019aspect des b\u00e2timents monastiques et en particulier ceux de l\u2019\u00e9glise dont on ignorait tout.<\/p>\n<p style=\"text-align: justify;\">On ne sait\u00a0toujours pas si l\u2019\u00e9glise primitive Saint-Martin d\u00e9couverte cet automne \u00e9tait la premi\u00e8re \u00e9glise monastique de Fontaine, ou si elle servait de lieu de culte \u00e0 un noyau paroissial contemporain, voire ant\u00e9rieur \u00e0 la venue de Colomban. Peut-\u00eatre aurons-nous de nouveaux \u00e9l\u00e9ments une fois les datations effectu\u00e9es. Des prospections g\u00e9ophysiques devraient \u00e9galement \u00eatre effectu\u00e9es \u00e0 la Vieille Cure au printemps 2017, pour pr\u00e9ciser le plan de cette \u00e9glise.<\/p>\n<p style=\"text-align: justify;\"><img data-attachment-id=\"4785\" data-permalink=\"https:\/\/www.amisaintcolomban.org\/wordpress\/fontaine-nouvelles-decouvertes-archeologiques-en-2016\/sondages-fontaine-vieille-cure-2016\/\" data-orig-file=\"https:\/\/www.amisaintcolomban.org\/wordpress\/wp-content\/uploads\/Sondages-Fontaine-vieille-cure-2016.jpg\" data-orig-size=\"4592,3448\" data-comments-opened=\"1\" data-image-meta=\"{&quot;aperture&quot;:&quot;3.5&quot;,&quot;credit&quot;:&quot;&quot;,&quot;camera&quot;:&quot;DMC-G7&quot;,&quot;caption&quot;:&quot;&quot;,&quot;created_timestamp&quot;:&quot;1478856089&quot;,&quot;copyright&quot;:&quot;&quot;,&quot;focal_length&quot;:&quot;14&quot;,&quot;iso&quot;:&quot;400&quot;,&quot;shutter_speed&quot;:&quot;0.016666666666667&quot;,&quot;title&quot;:&quot;&quot;,&quot;orientation&quot;:&quot;6&quot;}\" data-image-title=\"Sondages Fontaine vieille cure 2016\" data-image-description=\"\" data-image-caption=\"\" data-medium-file=\"https:\/\/www.amisaintcolomban.org\/wordpress\/wp-content\/uploads\/Sondages-Fontaine-vieille-cure-2016-300x225.jpg\" data-large-file=\"https:\/\/www.amisaintcolomban.org\/wordpress\/wp-content\/uploads\/Sondages-Fontaine-vieille-cure-2016-1024x769.jpg\" loading=\"lazy\" class=\"size-medium wp-image-4785 aligncenter\" src=\"http:\/\/www.amisaintcolomban.org\/wordpress\/wp-content\/uploads\/Sondages-Fontaine-vieille-cure-2016-300x225.jpg\" alt=\"\" width=\"300\" height=\"225\" srcset=\"https:\/\/www.amisaintcolomban.org\/wordpress\/wp-content\/uploads\/Sondages-Fontaine-vieille-cure-2016-300x225.jpg 300w, https:\/\/www.amisaintcolomban.org\/wordpress\/wp-content\/uploads\/Sondages-Fontaine-vieille-cure-2016-768x577.jpg 768w, https:\/\/www.amisaintcolomban.org\/wordpress\/wp-content\/uploads\/Sondages-Fontaine-vieille-cure-2016-1024x769.jpg 1024w\" sizes=\"(max-width: 300px) 100vw, 300px\" \/><\/p>\n","protected":false},"excerpt":{"rendered":"<p>Alors que l\u2019hagiographie affirmait que Colomban avait fond\u00e9 les monast\u00e8res d\u2019Annegray et de Luxeuil sur des ruines inhabit\u00e9es, les fouilles arch\u00e9ologiques r\u00e9centes ont montr\u00e9 une occupation continue de l\u2019agglom\u00e9ration de Luxovium (Luxeuil) du Haut-Empire jusqu\u2019\u00e0 l\u2019arriv\u00e9e de Colomban. Le site&hellip; <\/p>\n","protected":false},"author":6,"featured_media":0,"comment_status":"open","ping_status":"open","sticky":false,"template":"","format":"standard","meta":{"jetpack_post_was_ever_published":false,"jetpack_publicize_message":"","jetpack_is_tweetstorm":false,"jetpack_publicize_feature_enabled":true,"jetpack_social_post_already_shared":true,"jetpack_social_options":{"image_generator_settings":{"template":"highway","enabled":false}}},"categories":[31],"tags":[36,34,32],"jetpack_publicize_connections":[],"jetpack_featured_media_url":"","jetpack_sharing_enabled":true,"jetpack_shortlink":"https:\/\/wp.me\/p5rJPU-1fa","_links":{"self":[{"href":"https:\/\/www.amisaintcolomban.org\/wordpress\/wp-json\/wp\/v2\/posts\/4784"}],"collection":[{"href":"https:\/\/www.amisaintcolomban.org\/wordpress\/wp-json\/wp\/v2\/posts"}],"about":[{"href":"https:\/\/www.amisaintcolomban.org\/wordpress\/wp-json\/wp\/v2\/types\/post"}],"author":[{"embeddable":true,"href":"https:\/\/www.amisaintcolomban.org\/wordpress\/wp-json\/wp\/v2\/users\/6"}],"replies":[{"embeddable":true,"href":"https:\/\/www.amisaintcolomban.org\/wordpress\/wp-json\/wp\/v2\/comments?post=4784"}],"version-history":[{"count":3,"href":"https:\/\/www.amisaintcolomban.org\/wordpress\/wp-json\/wp\/v2\/posts\/4784\/revisions"}],"predecessor-version":[{"id":4934,"href":"https:\/\/www.amisaintcolomban.org\/wordpress\/wp-json\/wp\/v2\/posts\/4784\/revisions\/4934"}],"wp:attachment":[{"href":"https:\/\/www.amisaintcolomban.org\/wordpress\/wp-json\/wp\/v2\/media?parent=4784"}],"wp:term":[{"taxonomy":"category","embeddable":true,"href":"https:\/\/www.amisaintcolomban.org\/wordpress\/wp-json\/wp\/v2\/categories?post=4784"},{"taxonomy":"post_tag","embeddable":true,"href":"https:\/\/www.amisaintcolomban.org\/wordpress\/wp-json\/wp\/v2\/tags?post=4784"}],"curies":[{"name":"wp","href":"https:\/\/api.w.org\/{rel}","templated":true}]}}