{"id":554,"date":"2014-10-20T08:02:55","date_gmt":"2014-10-20T07:02:55","guid":{"rendered":"http:\/\/www.amisaintcolomban.org\/wordpress\/?p=554"},"modified":"2017-05-03T10:14:40","modified_gmt":"2017-05-03T08:14:40","slug":"programme-des-festivites-saint-colomban-2015","status":"publish","type":"post","link":"https:\/\/www.amisaintcolomban.org\/wordpress\/programme-des-festivites-saint-colomban-2015\/","title":{"rendered":"Programme des festivit\u00e9s Saint-Colomban 2015"},"content":{"rendered":"<p style=\"text-align: justify;\">L&rsquo;Office de <a href=\"http:\/\/www.luxeuil.fr\/programme-2015-luxeuil-bdef.pdf\" target=\"_blank\" rel=\"noopener noreferrer\"><img data-attachment-id=\"555\" data-permalink=\"https:\/\/www.amisaintcolomban.org\/wordpress\/programme-des-festivites-saint-colomban-2015\/couv-programme-2015\/\" data-orig-file=\"https:\/\/www.amisaintcolomban.org\/wordpress\/wp-content\/uploads\/Couv-Programme-2015.jpg\" data-orig-size=\"827,1737\" data-comments-opened=\"1\" data-image-meta=\"{&quot;aperture&quot;:&quot;0&quot;,&quot;credit&quot;:&quot;&quot;,&quot;camera&quot;:&quot;&quot;,&quot;caption&quot;:&quot;&quot;,&quot;created_timestamp&quot;:&quot;0&quot;,&quot;copyright&quot;:&quot;&quot;,&quot;focal_length&quot;:&quot;0&quot;,&quot;iso&quot;:&quot;0&quot;,&quot;shutter_speed&quot;:&quot;0&quot;,&quot;title&quot;:&quot;&quot;,&quot;orientation&quot;:&quot;0&quot;}\" data-image-title=\"Couv-Programme-2015\" data-image-description=\"\" data-image-caption=\"\" data-medium-file=\"https:\/\/www.amisaintcolomban.org\/wordpress\/wp-content\/uploads\/Couv-Programme-2015-142x300.jpg\" data-large-file=\"https:\/\/www.amisaintcolomban.org\/wordpress\/wp-content\/uploads\/Couv-Programme-2015-487x1024.jpg\" loading=\"lazy\" class=\"alignleft wp-image-555 size-medium\" src=\"http:\/\/www.amisaintcolomban.org\/wordpress\/wp-content\/uploads\/Couv-Programme-2015-142x300.jpg\" alt=\"Couv-Programme-2015\" width=\"142\" height=\"300\" srcset=\"https:\/\/www.amisaintcolomban.org\/wordpress\/wp-content\/uploads\/Couv-Programme-2015-142x300.jpg 142w, https:\/\/www.amisaintcolomban.org\/wordpress\/wp-content\/uploads\/Couv-Programme-2015-487x1024.jpg 487w\" sizes=\"(max-width: 142px) 100vw, 142px\" \/><\/a>Tourisme de Luxeuil-les-Bains publie le programme des festivit\u00e9s pr\u00e9vues au cours de l&rsquo;ann\u00e9e 2015 en l&rsquo;honneur de saint Colomban. Toutes les associations culturelles luxoviennes vont proposer un spectacle ou un concert autour d&rsquo;un th\u00e8me li\u00e9 au grand saint irlandais.<\/p>\n<p style=\"text-align: justify;\">L&rsquo;association des Amis de saint Colomban a d\u00e9j\u00e0 int\u00e9gr\u00e9 plusieurs activit\u00e9s \u00e0 ce programme g\u00e9n\u00e9ral&#160;: voyage en Irlande, \u00e0 Bobbio, Congr\u00e8s international de Bangor, Luxeuil-les-Bains, Bobbio, rencontres de calligraphies.<\/p>\n<p style=\"text-align: justify;\">Comme tous les ans, l&rsquo;association publiera\u00a0son programme 2015 courant novembre 2014.<\/p>\n<p><a href=\"http:\/\/www.luxeuil.fr\/programme-2015-luxeuil-bdef.pdf\" target=\"_blank\" rel=\"noopener noreferrer\">T\u00e9l\u00e9charger le programme 2015 sur le site internet de l&rsquo;Office de Tourisme de Luxeuil-les-Bains<\/a><\/p>\n<p>&nbsp;<\/p>\n","protected":false},"excerpt":{"rendered":"<p>L&rsquo;Office de Tourisme de Luxeuil-les-Bains publie le programme des festivit\u00e9s pr\u00e9vues au cours de l&rsquo;ann\u00e9e 2015 en l&rsquo;honneur de saint Colomban. Toutes les associations culturelles luxoviennes vont proposer un spectacle ou un concert autour d&rsquo;un th\u00e8me li\u00e9 au grand saint&hellip; <\/p>\n","protected":false},"author":3,"featured_media":0,"comment_status":"closed","ping_status":"open","sticky":false,"template":"","format":"standard","meta":{"jetpack_post_was_ever_published":false,"jetpack_publicize_message":"","jetpack_is_tweetstorm":false,"jetpack_publicize_feature_enabled":true,"jetpack_social_post_already_shared":false,"jetpack_social_options":{"image_generator_settings":{"template":"highway","enabled":false}}},"categories":[1],"tags":[7],"jetpack_publicize_connections":[],"jetpack_featured_media_url":"","jetpack_sharing_enabled":true,"jetpack_shortlink":"https:\/\/wp.me\/p5rJPU-8W","_links":{"self":[{"href":"https:\/\/www.amisaintcolomban.org\/wordpress\/wp-json\/wp\/v2\/posts\/554"}],"collection":[{"href":"https:\/\/www.amisaintcolomban.org\/wordpress\/wp-json\/wp\/v2\/posts"}],"about":[{"href":"https:\/\/www.amisaintcolomban.org\/wordpress\/wp-json\/wp\/v2\/types\/post"}],"author":[{"embeddable":true,"href":"https:\/\/www.amisaintcolomban.org\/wordpress\/wp-json\/wp\/v2\/users\/3"}],"replies":[{"embeddable":true,"href":"https:\/\/www.amisaintcolomban.org\/wordpress\/wp-json\/wp\/v2\/comments?post=554"}],"version-history":[{"count":5,"href":"https:\/\/www.amisaintcolomban.org\/wordpress\/wp-json\/wp\/v2\/posts\/554\/revisions"}],"predecessor-version":[{"id":4727,"href":"https:\/\/www.amisaintcolomban.org\/wordpress\/wp-json\/wp\/v2\/posts\/554\/revisions\/4727"}],"wp:attachment":[{"href":"https:\/\/www.amisaintcolomban.org\/wordpress\/wp-json\/wp\/v2\/media?parent=554"}],"wp:term":[{"taxonomy":"category","embeddable":true,"href":"https:\/\/www.amisaintcolomban.org\/wordpress\/wp-json\/wp\/v2\/categories?post=554"},{"taxonomy":"post_tag","embeddable":true,"href":"https:\/\/www.amisaintcolomban.org\/wordpress\/wp-json\/wp\/v2\/tags?post=554"}],"curies":[{"name":"wp","href":"https:\/\/api.w.org\/{rel}","templated":true}]}}