{"id":646,"date":"2014-12-08T12:32:04","date_gmt":"2014-12-08T11:32:04","guid":{"rendered":"http:\/\/www.amisaintcolomban.org\/wordpress\/?p=646"},"modified":"2017-05-03T10:14:12","modified_gmt":"2017-05-03T08:14:12","slug":"claudia-et-robert-sur-les-pas-de-saint-colomban","status":"publish","type":"post","link":"https:\/\/www.amisaintcolomban.org\/wordpress\/claudia-et-robert-sur-les-pas-de-saint-colomban\/","title":{"rendered":"Claudia et Robert sur les pas de saint Colomban"},"content":{"rendered":"<h4 style=\"text-align: justify;\">Conf\u00e9rence de Robert et Claudia Mestelan \u00ab\u00a0La route de Saint Colomban\u00a0\u00bb A 20 h 30 \u00e0 l&rsquo;Abbaye de Luxeuil<\/h4>\n<p><a href=\"http:\/\/www.amisaintcolomban.org\/wordpress\/wp-content\/uploads\/CHEM2.jpg\"><img data-attachment-id=\"647\" data-permalink=\"https:\/\/www.amisaintcolomban.org\/wordpress\/claudia-et-robert-sur-les-pas-de-saint-colomban\/chem2\/\" data-orig-file=\"https:\/\/www.amisaintcolomban.org\/wordpress\/wp-content\/uploads\/CHEM2.jpg\" data-orig-size=\"1435,918\" data-comments-opened=\"1\" data-image-meta=\"{&quot;aperture&quot;:&quot;0&quot;,&quot;credit&quot;:&quot;&quot;,&quot;camera&quot;:&quot;&quot;,&quot;caption&quot;:&quot;&quot;,&quot;created_timestamp&quot;:&quot;0&quot;,&quot;copyright&quot;:&quot;&quot;,&quot;focal_length&quot;:&quot;0&quot;,&quot;iso&quot;:&quot;0&quot;,&quot;shutter_speed&quot;:&quot;0&quot;,&quot;title&quot;:&quot;&quot;,&quot;orientation&quot;:&quot;0&quot;}\" data-image-title=\"CHEM2\" data-image-description=\"\" data-image-caption=\"\" data-medium-file=\"https:\/\/www.amisaintcolomban.org\/wordpress\/wp-content\/uploads\/CHEM2-300x191.jpg\" data-large-file=\"https:\/\/www.amisaintcolomban.org\/wordpress\/wp-content\/uploads\/CHEM2-1024x655.jpg\" loading=\"lazy\" class=\"alignnone wp-image-647 size-large\" src=\"http:\/\/www.amisaintcolomban.org\/wordpress\/wp-content\/uploads\/CHEM2-1024x655.jpg\" alt=\"CHEM2\" width=\"700\" height=\"447\" srcset=\"https:\/\/www.amisaintcolomban.org\/wordpress\/wp-content\/uploads\/CHEM2-1024x655.jpg 1024w, https:\/\/www.amisaintcolomban.org\/wordpress\/wp-content\/uploads\/CHEM2-300x191.jpg 300w, https:\/\/www.amisaintcolomban.org\/wordpress\/wp-content\/uploads\/CHEM2.jpg 1435w\" sizes=\"(max-width: 700px) 100vw, 700px\" \/><\/a><\/p>\n<p style=\"text-align: justify;\">Claudia et Robert Mestelan ont r\u00e9alis\u00e9 une premi\u00e8re en 2007&#160;: le p\u00e8lerinage retra\u00e7ant l\u2019\u00e9pop\u00e9e de saint Colomban, soit un p\u00e9riple \u00e0 pied de 3 350 km en 155 jours (d\u00e9part le 15 avril de Paris, arriv\u00e9e \u00e0 Bobbio le 28 ao\u00fbt, puis \u00e0 Loreto le 20 septembre 2007. Claudia et Robert Mestelan<br \/>\nIls racontent leur marche sur le site internet de la Route de l\u2019Europe Chr\u00e9tienne<br \/>\nwww.route-europe-chretienne.fr\/ et dans un livre \u00ab La route de St Colomban \u00bb \u00e9dit\u00e9 en 2008 aux Editions du Colombier.<\/p>\n","protected":false},"excerpt":{"rendered":"<p>Conf\u00e9rence de Robert et Claudia Mestelan \u00ab\u00a0La route de Saint Colomban\u00a0\u00bb A 20 h 30 \u00e0 l&rsquo;Abbaye de Luxeuil Claudia et Robert Mestelan ont r\u00e9alis\u00e9 une premi\u00e8re en 2007&#160;: le p\u00e8lerinage retra\u00e7ant l\u2019\u00e9pop\u00e9e de saint Colomban, soit un p\u00e9riple \u00e0&hellip; <\/p>\n","protected":false},"author":2,"featured_media":0,"comment_status":"open","ping_status":"open","sticky":false,"template":"","format":"standard","meta":{"jetpack_post_was_ever_published":false,"jetpack_publicize_message":"","jetpack_is_tweetstorm":false,"jetpack_publicize_feature_enabled":true,"jetpack_social_post_already_shared":false,"jetpack_social_options":{"image_generator_settings":{"template":"highway","enabled":false}}},"categories":[17,16,18],"tags":[],"jetpack_publicize_connections":[],"jetpack_featured_media_url":"","jetpack_sharing_enabled":true,"jetpack_shortlink":"https:\/\/wp.me\/p5rJPU-aq","_links":{"self":[{"href":"https:\/\/www.amisaintcolomban.org\/wordpress\/wp-json\/wp\/v2\/posts\/646"}],"collection":[{"href":"https:\/\/www.amisaintcolomban.org\/wordpress\/wp-json\/wp\/v2\/posts"}],"about":[{"href":"https:\/\/www.amisaintcolomban.org\/wordpress\/wp-json\/wp\/v2\/types\/post"}],"author":[{"embeddable":true,"href":"https:\/\/www.amisaintcolomban.org\/wordpress\/wp-json\/wp\/v2\/users\/2"}],"replies":[{"embeddable":true,"href":"https:\/\/www.amisaintcolomban.org\/wordpress\/wp-json\/wp\/v2\/comments?post=646"}],"version-history":[{"count":3,"href":"https:\/\/www.amisaintcolomban.org\/wordpress\/wp-json\/wp\/v2\/posts\/646\/revisions"}],"predecessor-version":[{"id":4726,"href":"https:\/\/www.amisaintcolomban.org\/wordpress\/wp-json\/wp\/v2\/posts\/646\/revisions\/4726"}],"wp:attachment":[{"href":"https:\/\/www.amisaintcolomban.org\/wordpress\/wp-json\/wp\/v2\/media?parent=646"}],"wp:term":[{"taxonomy":"category","embeddable":true,"href":"https:\/\/www.amisaintcolomban.org\/wordpress\/wp-json\/wp\/v2\/categories?post=646"},{"taxonomy":"post_tag","embeddable":true,"href":"https:\/\/www.amisaintcolomban.org\/wordpress\/wp-json\/wp\/v2\/tags?post=646"}],"curies":[{"name":"wp","href":"https:\/\/api.w.org\/{rel}","templated":true}]}}