{"id":650,"date":"2014-12-08T13:16:55","date_gmt":"2014-12-08T12:16:55","guid":{"rendered":"http:\/\/www.amisaintcolomban.org\/wordpress\/?p=650"},"modified":"2017-05-03T10:13:58","modified_gmt":"2017-05-03T08:13:58","slug":"650","status":"publish","type":"post","link":"https:\/\/www.amisaintcolomban.org\/wordpress\/650\/","title":{"rendered":"Annegray&#160;: reconqu\u00eate du site"},"content":{"rendered":"<p><a href=\"http:\/\/www.amisaintcolomban.org\/wordpress\/wp-content\/uploads\/ste_Marie_16.jpg\"><img data-attachment-id=\"652\" data-permalink=\"https:\/\/www.amisaintcolomban.org\/wordpress\/650\/ste_marie_16\/\" data-orig-file=\"https:\/\/www.amisaintcolomban.org\/wordpress\/wp-content\/uploads\/ste_Marie_16.jpg\" data-orig-size=\"450,338\" data-comments-opened=\"1\" data-image-meta=\"{&quot;aperture&quot;:&quot;3.3&quot;,&quot;credit&quot;:&quot;&quot;,&quot;camera&quot;:&quot;DMC-TZ5&quot;,&quot;caption&quot;:&quot;&quot;,&quot;created_timestamp&quot;:&quot;1243761867&quot;,&quot;copyright&quot;:&quot;&quot;,&quot;focal_length&quot;:&quot;4.7&quot;,&quot;iso&quot;:&quot;100&quot;,&quot;shutter_speed&quot;:&quot;0.00125&quot;,&quot;title&quot;:&quot;&quot;,&quot;orientation&quot;:&quot;1&quot;}\" data-image-title=\"ste_Marie_16\" data-image-description=\"\" data-image-caption=\"\" data-medium-file=\"https:\/\/www.amisaintcolomban.org\/wordpress\/wp-content\/uploads\/ste_Marie_16-300x225.jpg\" data-large-file=\"https:\/\/www.amisaintcolomban.org\/wordpress\/wp-content\/uploads\/ste_Marie_16.jpg\" loading=\"lazy\" class=\"alignnone wp-image-652 size-full\" src=\"http:\/\/www.amisaintcolomban.org\/wordpress\/wp-content\/uploads\/ste_Marie_16.jpg\" alt=\"ste_Marie_16\" width=\"450\" height=\"338\" srcset=\"https:\/\/www.amisaintcolomban.org\/wordpress\/wp-content\/uploads\/ste_Marie_16.jpg 450w, https:\/\/www.amisaintcolomban.org\/wordpress\/wp-content\/uploads\/ste_Marie_16-300x225.jpg 300w\" sizes=\"(max-width: 450px) 100vw, 450px\" \/><\/a><\/p>\n<p style=\"text-align: justify;\">Notre association a re\u00e7u de la part de notre pr\u00e9sident d&rsquo;honneur, Dr. Gilles Cugnier, les terrains de la grotte de Ste-Marie en Chanois. Le pr\u00e9sident, Jean Coste, avait d\u00e9l\u00e9gation pour mener \u00e0 bien cette op\u00e9ration notariale.<\/p>\n<p style=\"text-align: justify;\">Sit\u00f4t l&rsquo;acquisition effectu\u00e9e, Jean Coste d\u00e9posa un dossier pour la reconqu\u00eate d&rsquo;espaces paysagers aupr\u00e8s de la C.C.M.E. ( communaut\u00e9 de communes des Milles Etangs) \u00e0 Faucogney afin d&rsquo;obtenir une subvention pour les travaux de d\u00e9frichage et de plantation.<\/p>\n","protected":false},"excerpt":{"rendered":"<p>Notre association a re\u00e7u de la part de notre pr\u00e9sident d&rsquo;honneur, Dr. Gilles Cugnier, les terrains de la grotte de Ste-Marie en Chanois. Le pr\u00e9sident, Jean Coste, avait d\u00e9l\u00e9gation pour mener \u00e0 bien cette op\u00e9ration notariale. Sit\u00f4t l&rsquo;acquisition effectu\u00e9e, Jean&hellip; <\/p>\n","protected":false},"author":2,"featured_media":0,"comment_status":"closed","ping_status":"open","sticky":false,"template":"","format":"standard","meta":{"jetpack_post_was_ever_published":false,"jetpack_publicize_message":"","jetpack_is_tweetstorm":false,"jetpack_publicize_feature_enabled":true,"jetpack_social_post_already_shared":false,"jetpack_social_options":{"image_generator_settings":{"template":"highway","enabled":false}}},"categories":[17,27,18],"tags":[],"jetpack_publicize_connections":[],"jetpack_featured_media_url":"","jetpack_sharing_enabled":true,"jetpack_shortlink":"https:\/\/wp.me\/s5rJPU-650","_links":{"self":[{"href":"https:\/\/www.amisaintcolomban.org\/wordpress\/wp-json\/wp\/v2\/posts\/650"}],"collection":[{"href":"https:\/\/www.amisaintcolomban.org\/wordpress\/wp-json\/wp\/v2\/posts"}],"about":[{"href":"https:\/\/www.amisaintcolomban.org\/wordpress\/wp-json\/wp\/v2\/types\/post"}],"author":[{"embeddable":true,"href":"https:\/\/www.amisaintcolomban.org\/wordpress\/wp-json\/wp\/v2\/users\/2"}],"replies":[{"embeddable":true,"href":"https:\/\/www.amisaintcolomban.org\/wordpress\/wp-json\/wp\/v2\/comments?post=650"}],"version-history":[{"count":3,"href":"https:\/\/www.amisaintcolomban.org\/wordpress\/wp-json\/wp\/v2\/posts\/650\/revisions"}],"predecessor-version":[{"id":4725,"href":"https:\/\/www.amisaintcolomban.org\/wordpress\/wp-json\/wp\/v2\/posts\/650\/revisions\/4725"}],"wp:attachment":[{"href":"https:\/\/www.amisaintcolomban.org\/wordpress\/wp-json\/wp\/v2\/media?parent=650"}],"wp:term":[{"taxonomy":"category","embeddable":true,"href":"https:\/\/www.amisaintcolomban.org\/wordpress\/wp-json\/wp\/v2\/categories?post=650"},{"taxonomy":"post_tag","embeddable":true,"href":"https:\/\/www.amisaintcolomban.org\/wordpress\/wp-json\/wp\/v2\/tags?post=650"}],"curies":[{"name":"wp","href":"https:\/\/api.w.org\/{rel}","templated":true}]}}