{"id":659,"date":"2014-12-08T13:30:25","date_gmt":"2014-12-08T12:30:25","guid":{"rendered":"http:\/\/www.amisaintcolomban.org\/wordpress\/?p=659"},"modified":"2017-05-03T10:13:17","modified_gmt":"2017-05-03T08:13:17","slug":"659","status":"publish","type":"post","link":"https:\/\/www.amisaintcolomban.org\/wordpress\/659\/","title":{"rendered":"5-6 juillet 2008&#160;: rencontres \u00e0 Biandrate"},"content":{"rendered":"<p style=\"text-align: justify;\"><a href=\"http:\/\/www.amisaintcolomban.org\/wordpress\/wp-content\/uploads\/gazette-023.jpg\"><img data-attachment-id=\"666\" data-permalink=\"https:\/\/www.amisaintcolomban.org\/wordpress\/659\/gazette-023\/\" data-orig-file=\"https:\/\/www.amisaintcolomban.org\/wordpress\/wp-content\/uploads\/gazette-023.jpg\" data-orig-size=\"600,543\" data-comments-opened=\"1\" data-image-meta=\"{&quot;aperture&quot;:&quot;0&quot;,&quot;credit&quot;:&quot;&quot;,&quot;camera&quot;:&quot;&quot;,&quot;caption&quot;:&quot;&quot;,&quot;created_timestamp&quot;:&quot;0&quot;,&quot;copyright&quot;:&quot;&quot;,&quot;focal_length&quot;:&quot;0&quot;,&quot;iso&quot;:&quot;0&quot;,&quot;shutter_speed&quot;:&quot;0&quot;,&quot;title&quot;:&quot;&quot;,&quot;orientation&quot;:&quot;0&quot;}\" data-image-title=\"gazette-023\" data-image-description=\"\" data-image-caption=\"\" data-medium-file=\"https:\/\/www.amisaintcolomban.org\/wordpress\/wp-content\/uploads\/gazette-023-300x271.jpg\" data-large-file=\"https:\/\/www.amisaintcolomban.org\/wordpress\/wp-content\/uploads\/gazette-023.jpg\" loading=\"lazy\" class=\"alignleft wp-image-666 size-full\" src=\"http:\/\/www.amisaintcolomban.org\/wordpress\/wp-content\/uploads\/gazette-023.jpg\" alt=\"gazette-023\" width=\"600\" height=\"543\" srcset=\"https:\/\/www.amisaintcolomban.org\/wordpress\/wp-content\/uploads\/gazette-023.jpg 600w, https:\/\/www.amisaintcolomban.org\/wordpress\/wp-content\/uploads\/gazette-023-300x271.jpg 300w\" sizes=\"(max-width: 600px) 100vw, 600px\" \/><\/a>R\u00e9partis dans deux voitures, huit Amis de Saint Colomban&#160;: Arnaud Demonet, Martine Comte,<br \/>\nJean et Josette Coste, Philippe Kahn, Jacques et Aline Prudhon, Marie-Paule Zert, prirent la route le\u00a0samedi matin 5 juillet.<\/p>\n<p style=\"text-align: justify;\">Nous f\u00eemes une halte \u00e0 Andermatt pour visiter la chapelle Saint Colomban,\u00a0malheureusement ferm\u00e9e pour cause de travaux, ensuite des bouchons impressionnants avant le\u00a0tunnel du Saint Gothard nous conduisirent \u00e0 passer par le col du m\u00eame nom. Nous ne l\u2019avons pas\u00a0regrett\u00e9&#160;: la route \u00e9tant tr\u00e8s belle et le d\u00e9jeuner au col tr\u00e8s sympathique.\u00a0La capacit\u00e9 h\u00f4teli\u00e8re du village de Biandrate ne permettant pas de nous accueillir, c\u2019est 20km\u00a0avant, \u00e0 Novara, que nous avons retenu les chambres. Apr\u00e8s s\u2019y \u00eatre install\u00e9s nous avons pris la route\u00a0de Biandrate o\u00f9 nous attendait une charmante h\u00f4tesse, parlant fran\u00e7ais, qui a \u00e9t\u00e9 notre guide durant\u00a0ces deux journ\u00e9es.<\/p>\n<p style=\"text-align: justify;\">Les repas du samedi soir et du dimanche midi \u00e9taient organis\u00e9es par la population locale avec<br \/>\ndes plats r\u00e9gionaux, \u00e0 base de riz et de gorgonzola, excellents avec des prix tr\u00e8s modestes. Un superbe concert dans l\u2019\u00e9glise Saint Colomban du village termina magnifiquement la soir\u00e9e du samedi.<\/p>\n<p style=\"text-align: justify;\">Le lendemain dimanche, nous \u00e9tions \u00e0 10h \u00e0 nouveau \u00e0 Biandrate pour entreprendre une s\u00e9rie de visites de grande qualit\u00e9&#160;: le mus\u00e9e ethnographique sur la culture du riz de Casalbeltrame avec sa\u00a0ferme fortifi\u00e9e, les peintures du XVe, superbement restaur\u00e9es, de l\u2019\u00e9glise romane de Casalvolone,\u00a0l\u2019abbaye b\u00e9n\u00e9dictine de San Nazzaro Sesia la visite de l\u2019exposition Saint Colomban abb\u00e9 de l\u2019Europe,\u00a0inaugur\u00e9e \u00e0 Rimini lors de l\u2019exposition universelle 2008, qui met en valeur le monast\u00e8re et les sites\u00a0colombaniens autour de Luxeuil.<\/p>\n<p style=\"text-align: justify;\">La c\u00e9l\u00e9bration eucharistique pr\u00e9vue \u00e0 18h sur\u00a0l\u2019esplanade de l\u2019\u00e9glise d\u00fbt se d\u00e9rouler \u00e0 l\u2019int\u00e9rieur de\u00a0celle-ci en raison d\u2019un violent orage. Elle f\u00fbt empreinte\u00a0de solennit\u00e9 et d\u2019une grande ferveur en pr\u00e9sence de\u00a0quatre \u00e9v\u00eaques et d\u2019une foule nombreuse dont une\u00a0partie seulement avait trouv\u00e9 place \u00e0 l\u2019int\u00e9rieur de\u00a0l\u2019\u00e9glise. Nos Amis italiens nous avaient r\u00e9serv\u00e9s des\u00a0places au premier rang, merci \u00e0 eux&#160;!\u00a0Le retour \u00e0 Luxeuil, en fin de journ\u00e9e, se fit sans\u00a0encombre.<\/p>\n<p>&nbsp;<\/p>\n","protected":false},"excerpt":{"rendered":"<p>R\u00e9partis dans deux voitures, huit Amis de Saint Colomban&#160;: Arnaud Demonet, Martine Comte, Jean et Josette Coste, Philippe Kahn, Jacques et Aline Prudhon, Marie-Paule Zert, prirent la route le\u00a0samedi matin 5 juillet. Nous f\u00eemes une halte \u00e0 Andermatt pour visiter&hellip; <\/p>\n","protected":false},"author":2,"featured_media":0,"comment_status":"closed","ping_status":"open","sticky":false,"template":"","format":"standard","meta":{"jetpack_post_was_ever_published":false,"jetpack_publicize_message":"","jetpack_is_tweetstorm":false,"jetpack_publicize_feature_enabled":true,"jetpack_social_post_already_shared":false,"jetpack_social_options":{"image_generator_settings":{"template":"highway","enabled":false}}},"categories":[17,1,18],"tags":[],"jetpack_publicize_connections":[],"jetpack_featured_media_url":"","jetpack_sharing_enabled":true,"jetpack_shortlink":"https:\/\/wp.me\/s5rJPU-659","_links":{"self":[{"href":"https:\/\/www.amisaintcolomban.org\/wordpress\/wp-json\/wp\/v2\/posts\/659"}],"collection":[{"href":"https:\/\/www.amisaintcolomban.org\/wordpress\/wp-json\/wp\/v2\/posts"}],"about":[{"href":"https:\/\/www.amisaintcolomban.org\/wordpress\/wp-json\/wp\/v2\/types\/post"}],"author":[{"embeddable":true,"href":"https:\/\/www.amisaintcolomban.org\/wordpress\/wp-json\/wp\/v2\/users\/2"}],"replies":[{"embeddable":true,"href":"https:\/\/www.amisaintcolomban.org\/wordpress\/wp-json\/wp\/v2\/comments?post=659"}],"version-history":[{"count":4,"href":"https:\/\/www.amisaintcolomban.org\/wordpress\/wp-json\/wp\/v2\/posts\/659\/revisions"}],"predecessor-version":[{"id":4724,"href":"https:\/\/www.amisaintcolomban.org\/wordpress\/wp-json\/wp\/v2\/posts\/659\/revisions\/4724"}],"wp:attachment":[{"href":"https:\/\/www.amisaintcolomban.org\/wordpress\/wp-json\/wp\/v2\/media?parent=659"}],"wp:term":[{"taxonomy":"category","embeddable":true,"href":"https:\/\/www.amisaintcolomban.org\/wordpress\/wp-json\/wp\/v2\/categories?post=659"},{"taxonomy":"post_tag","embeddable":true,"href":"https:\/\/www.amisaintcolomban.org\/wordpress\/wp-json\/wp\/v2\/tags?post=659"}],"curies":[{"name":"wp","href":"https:\/\/api.w.org\/{rel}","templated":true}]}}