{"id":671,"date":"2014-12-08T14:22:11","date_gmt":"2014-12-08T13:22:11","guid":{"rendered":"http:\/\/www.amisaintcolomban.org\/wordpress\/?p=671"},"modified":"2017-05-03T10:11:48","modified_gmt":"2017-05-03T08:11:48","slug":"14-juillet-2008-les-60-ans-de-notre-association","status":"publish","type":"post","link":"https:\/\/www.amisaintcolomban.org\/wordpress\/14-juillet-2008-les-60-ans-de-notre-association\/","title":{"rendered":"14 juillet 2008&#160;: les 60 ans de notre association"},"content":{"rendered":"<p style=\"text-align: justify;\">Ce 14 juillet, notre association f\u00eatait ses 60 ans \u00e0 la Grotte Saint Colomban \u00e0 Ste-Marie-en-Chanois.\u00a0Sous un ciel cl\u00e9ment, 135 Amis se sont donn\u00e9 rendez-vous sur le site.<\/p>\n<p><a href=\"http:\/\/www.amisaintcolomban.org\/wordpress\/wp-content\/uploads\/6A6.jpg\" target=\"_blank\" rel=\"noopener noreferrer\"><img data-attachment-id=\"674\" data-permalink=\"https:\/\/www.amisaintcolomban.org\/wordpress\/14-juillet-2008-les-60-ans-de-notre-association\/6a6\/\" data-orig-file=\"https:\/\/www.amisaintcolomban.org\/wordpress\/wp-content\/uploads\/6A6.jpg\" data-orig-size=\"1462,1097\" data-comments-opened=\"1\" data-image-meta=\"{&quot;aperture&quot;:&quot;0&quot;,&quot;credit&quot;:&quot;&quot;,&quot;camera&quot;:&quot;&quot;,&quot;caption&quot;:&quot;&quot;,&quot;created_timestamp&quot;:&quot;0&quot;,&quot;copyright&quot;:&quot;&quot;,&quot;focal_length&quot;:&quot;0&quot;,&quot;iso&quot;:&quot;0&quot;,&quot;shutter_speed&quot;:&quot;0&quot;,&quot;title&quot;:&quot;&quot;,&quot;orientation&quot;:&quot;0&quot;}\" data-image-title=\"6A6\" data-image-description=\"\" data-image-caption=\"\" data-medium-file=\"https:\/\/www.amisaintcolomban.org\/wordpress\/wp-content\/uploads\/6A6-300x225.jpg\" data-large-file=\"https:\/\/www.amisaintcolomban.org\/wordpress\/wp-content\/uploads\/6A6-1024x768.jpg\" loading=\"lazy\" class=\"alignnone wp-image-674 size-large\" src=\"http:\/\/www.amisaintcolomban.org\/wordpress\/wp-content\/uploads\/6A6-1024x768.jpg\" alt=\"6A6\" width=\"700\" height=\"525\" srcset=\"https:\/\/www.amisaintcolomban.org\/wordpress\/wp-content\/uploads\/6A6-1024x768.jpg 1024w, https:\/\/www.amisaintcolomban.org\/wordpress\/wp-content\/uploads\/6A6-300x225.jpg 300w, https:\/\/www.amisaintcolomban.org\/wordpress\/wp-content\/uploads\/6A6.jpg 1462w\" sizes=\"(max-width: 700px) 100vw, 700px\" \/><\/a><\/p>\n<p><a title=\"Notre association a 60 ans : les photos\" href=\"http:\/\/www.amisaintcolomban.org\/wordpress\/notre-association-a-60-ans-les-photos\/\">Voir les photos<\/a><\/p>\n<p style=\"text-align: justify;\">Mot d&rsquo;accueil de Jean Coste, pr\u00e9sident de l&rsquo;Association<\/p>\n","protected":false},"excerpt":{"rendered":"<p>Ce 14 juillet, notre association f\u00eatait ses 60 ans \u00e0 la Grotte Saint Colomban \u00e0 Ste-Marie-en-Chanois.\u00a0Sous un ciel cl\u00e9ment, 135 Amis se sont donn\u00e9 rendez-vous sur le site. Voir les photos Mot d&rsquo;accueil de Jean Coste, pr\u00e9sident de l&rsquo;Association<\/p>\n","protected":false},"author":2,"featured_media":672,"comment_status":"closed","ping_status":"open","sticky":false,"template":"","format":"standard","meta":{"jetpack_post_was_ever_published":false,"jetpack_publicize_message":"","jetpack_is_tweetstorm":false,"jetpack_publicize_feature_enabled":true,"jetpack_social_post_already_shared":false,"jetpack_social_options":{"image_generator_settings":{"template":"highway","enabled":false}}},"categories":[17,13,18],"tags":[],"jetpack_publicize_connections":[],"jetpack_featured_media_url":"https:\/\/www.amisaintcolomban.org\/wordpress\/wp-content\/uploads\/6A15.jpg","jetpack_sharing_enabled":true,"jetpack_shortlink":"https:\/\/wp.me\/p5rJPU-aP","_links":{"self":[{"href":"https:\/\/www.amisaintcolomban.org\/wordpress\/wp-json\/wp\/v2\/posts\/671"}],"collection":[{"href":"https:\/\/www.amisaintcolomban.org\/wordpress\/wp-json\/wp\/v2\/posts"}],"about":[{"href":"https:\/\/www.amisaintcolomban.org\/wordpress\/wp-json\/wp\/v2\/types\/post"}],"author":[{"embeddable":true,"href":"https:\/\/www.amisaintcolomban.org\/wordpress\/wp-json\/wp\/v2\/users\/2"}],"replies":[{"embeddable":true,"href":"https:\/\/www.amisaintcolomban.org\/wordpress\/wp-json\/wp\/v2\/comments?post=671"}],"version-history":[{"count":4,"href":"https:\/\/www.amisaintcolomban.org\/wordpress\/wp-json\/wp\/v2\/posts\/671\/revisions"}],"predecessor-version":[{"id":4722,"href":"https:\/\/www.amisaintcolomban.org\/wordpress\/wp-json\/wp\/v2\/posts\/671\/revisions\/4722"}],"wp:featuredmedia":[{"embeddable":true,"href":"https:\/\/www.amisaintcolomban.org\/wordpress\/wp-json\/wp\/v2\/media\/672"}],"wp:attachment":[{"href":"https:\/\/www.amisaintcolomban.org\/wordpress\/wp-json\/wp\/v2\/media?parent=671"}],"wp:term":[{"taxonomy":"category","embeddable":true,"href":"https:\/\/www.amisaintcolomban.org\/wordpress\/wp-json\/wp\/v2\/categories?post=671"},{"taxonomy":"post_tag","embeddable":true,"href":"https:\/\/www.amisaintcolomban.org\/wordpress\/wp-json\/wp\/v2\/tags?post=671"}],"curies":[{"name":"wp","href":"https:\/\/api.w.org\/{rel}","templated":true}]}}