{"id":678,"date":"2014-12-08T14:55:24","date_gmt":"2014-12-08T13:55:24","guid":{"rendered":"http:\/\/www.amisaintcolomban.org\/wordpress\/?p=678"},"modified":"2017-05-03T10:11:18","modified_gmt":"2017-05-03T08:11:18","slug":"19-20-juillet-grand-pardon-a-saint-colomban","status":"publish","type":"post","link":"https:\/\/www.amisaintcolomban.org\/wordpress\/19-20-juillet-grand-pardon-a-saint-colomban\/","title":{"rendered":"19-20 juillet&#160;: Grand Pardon \u00e0 Saint Colomban"},"content":{"rendered":"<p style=\"text-align: justify;\">Quatre Amis de Luxeuil \u00e9taient pr\u00e9sents \u00e0 Saint\u00a0Coulomb le dimanche 20 juillet, Arnaud Demonet, \u00a0Jacques et Aline Prudhon, Jacotte Simon accueillis\u00a0par tous les Amis bretons avec \u00e0 leur t\u00eate un\u00a0pr\u00e9sident, Guy Andr\u00e9, tr\u00e8s d\u00e9vou\u00e9.<br \/>\nLe samedi soir, Claudia et Robert Mestelan ont\u00a0donn\u00e9 une conf\u00e9rence sur \u00ab les pas de Saint<br \/>\nColomban de Bangor \u00e0 Bobbio. \u00bb<\/p>\n<p style=\"text-align: justify;\">Dans l\u2019\u00e9glise de\u00a0Saint-Coulomb. Le p\u00e8re V\u00e9ron, cur\u00e9 de Cancale, a\u00a0b\u00e9ni la plaque du Chemin de Saint Colomban,\u00a0apport\u00e9e par les Amis de Luxeuil et financ\u00e9e par les\u00a0Amis bretons de Colomban.<br \/>\nDimanche, le rendez vous \u00e9tait donn\u00e9 sur la\u00a0plage de l\u2019Anse du Guesclin \u00e0 10 h. pour la<br \/>\nb\u00e9n\u00e9diction aux p\u00eacheurs disparus en mer.<\/p>\n<p><a href=\"http:\/\/www.amisaintcolomban.org\/wordpress\/grand-pardon-a-saint-coulomb\/\" target=\"_blank\" rel=\"noopener noreferrer\"><img data-attachment-id=\"679\" data-permalink=\"https:\/\/www.amisaintcolomban.org\/wordpress\/19-20-juillet-grand-pardon-a-saint-colomban\/gazette-020\/\" data-orig-file=\"https:\/\/www.amisaintcolomban.org\/wordpress\/wp-content\/uploads\/gazette-020.jpg\" data-orig-size=\"649,536\" data-comments-opened=\"1\" data-image-meta=\"{&quot;aperture&quot;:&quot;0&quot;,&quot;credit&quot;:&quot;&quot;,&quot;camera&quot;:&quot;&quot;,&quot;caption&quot;:&quot;&quot;,&quot;created_timestamp&quot;:&quot;0&quot;,&quot;copyright&quot;:&quot;&quot;,&quot;focal_length&quot;:&quot;0&quot;,&quot;iso&quot;:&quot;0&quot;,&quot;shutter_speed&quot;:&quot;0&quot;,&quot;title&quot;:&quot;&quot;,&quot;orientation&quot;:&quot;0&quot;}\" data-image-title=\"gazette-020\" data-image-description=\"\" data-image-caption=\"\" data-medium-file=\"https:\/\/www.amisaintcolomban.org\/wordpress\/wp-content\/uploads\/gazette-020-300x247.jpg\" data-large-file=\"https:\/\/www.amisaintcolomban.org\/wordpress\/wp-content\/uploads\/gazette-020.jpg\" loading=\"lazy\" class=\"alignnone wp-image-679 size-full\" src=\"http:\/\/www.amisaintcolomban.org\/wordpress\/wp-content\/uploads\/gazette-020.jpg\" alt=\"gazette-020\" width=\"649\" height=\"536\" srcset=\"https:\/\/www.amisaintcolomban.org\/wordpress\/wp-content\/uploads\/gazette-020.jpg 649w, https:\/\/www.amisaintcolomban.org\/wordpress\/wp-content\/uploads\/gazette-020-300x247.jpg 300w\" sizes=\"(max-width: 649px) 100vw, 649px\" \/><\/a><\/p>\n<p style=\"text-align: justify;\">Ensuite la procession accompagn\u00e9e des banni\u00e8res de Saint Coulomb et de Luxeuil se dirigea vers\u00a0le pr\u00e9 voisin o\u00f9 un podium, pr\u00eat\u00e9 par la ville de Cancale, avait \u00e9t\u00e9 install\u00e9 pour c\u00e9l\u00e9brer l\u2019eucharistie\u00a0par Monseigneur Joseph Boishu, \u00e9v\u00eaque auxiliaire de Reims, devant plus de 300 personnes.<\/p>\n<p style=\"text-align: justify;\">Un repas tr\u00e8s convivial avait \u00e9t\u00e9 pr\u00e9vu dans la salle des f\u00eates de Saint Coulomb.\u00a0L\u2019apr\u00e8s-midi visite d\u2019une malouini\u00e8re et la journ\u00e9e se termina chez un couple de colombaniens\u00a0Daniel et Genevi\u00e8ve Forgeoux devant un superbe barbecue.<\/p>\n<p><a href=\"http:\/\/www.amisaintcolomban.org\/wordpress\/grand-pardon-a-saint-coulomb\/\" target=\"_blank\" rel=\"noopener noreferrer\">Galerie de photos<\/a><\/p>\n","protected":false},"excerpt":{"rendered":"<p>Quatre Amis de Luxeuil \u00e9taient pr\u00e9sents \u00e0 Saint\u00a0Coulomb le dimanche 20 juillet, Arnaud Demonet, \u00a0Jacques et Aline Prudhon, Jacotte Simon accueillis\u00a0par tous les Amis bretons avec \u00e0 leur t\u00eate un\u00a0pr\u00e9sident, Guy Andr\u00e9, tr\u00e8s d\u00e9vou\u00e9. Le samedi soir, Claudia et Robert&hellip; <\/p>\n","protected":false},"author":2,"featured_media":706,"comment_status":"closed","ping_status":"open","sticky":false,"template":"","format":"standard","meta":{"jetpack_post_was_ever_published":false,"jetpack_publicize_message":"","jetpack_is_tweetstorm":false,"jetpack_publicize_feature_enabled":true,"jetpack_social_post_already_shared":true,"jetpack_social_options":{"image_generator_settings":{"template":"highway","enabled":false}}},"categories":[17,13,1,18],"tags":[],"jetpack_publicize_connections":[],"jetpack_featured_media_url":"https:\/\/www.amisaintcolomban.org\/wordpress\/wp-content\/uploads\/STCOULO08_3.jpg","jetpack_sharing_enabled":true,"jetpack_shortlink":"https:\/\/wp.me\/p5rJPU-aW","_links":{"self":[{"href":"https:\/\/www.amisaintcolomban.org\/wordpress\/wp-json\/wp\/v2\/posts\/678"}],"collection":[{"href":"https:\/\/www.amisaintcolomban.org\/wordpress\/wp-json\/wp\/v2\/posts"}],"about":[{"href":"https:\/\/www.amisaintcolomban.org\/wordpress\/wp-json\/wp\/v2\/types\/post"}],"author":[{"embeddable":true,"href":"https:\/\/www.amisaintcolomban.org\/wordpress\/wp-json\/wp\/v2\/users\/2"}],"replies":[{"embeddable":true,"href":"https:\/\/www.amisaintcolomban.org\/wordpress\/wp-json\/wp\/v2\/comments?post=678"}],"version-history":[{"count":4,"href":"https:\/\/www.amisaintcolomban.org\/wordpress\/wp-json\/wp\/v2\/posts\/678\/revisions"}],"predecessor-version":[{"id":4721,"href":"https:\/\/www.amisaintcolomban.org\/wordpress\/wp-json\/wp\/v2\/posts\/678\/revisions\/4721"}],"wp:featuredmedia":[{"embeddable":true,"href":"https:\/\/www.amisaintcolomban.org\/wordpress\/wp-json\/wp\/v2\/media\/706"}],"wp:attachment":[{"href":"https:\/\/www.amisaintcolomban.org\/wordpress\/wp-json\/wp\/v2\/media?parent=678"}],"wp:term":[{"taxonomy":"category","embeddable":true,"href":"https:\/\/www.amisaintcolomban.org\/wordpress\/wp-json\/wp\/v2\/categories?post=678"},{"taxonomy":"post_tag","embeddable":true,"href":"https:\/\/www.amisaintcolomban.org\/wordpress\/wp-json\/wp\/v2\/tags?post=678"}],"curies":[{"name":"wp","href":"https:\/\/api.w.org\/{rel}","templated":true}]}}