{"id":681,"date":"2014-12-08T15:23:01","date_gmt":"2014-12-08T14:23:01","guid":{"rendered":"http:\/\/www.amisaintcolomban.org\/wordpress\/?p=681"},"modified":"2017-05-03T10:10:41","modified_gmt":"2017-05-03T08:10:41","slug":"en-irlande-sur-les-pas-de-saint-colomban","status":"publish","type":"post","link":"https:\/\/www.amisaintcolomban.org\/wordpress\/en-irlande-sur-les-pas-de-saint-colomban\/","title":{"rendered":"En Irlande sur les pas de Saint Colomban"},"content":{"rendered":"<p>28 juillet &#8211; 4 ao\u00fbt 2008<\/p>\n<p style=\"text-align: justify;\">C\u2019est le voyage qu\u2019une bonne trentaine der\u00e9gion de Luxeuil, Amis de Saint Colomban pour l2008.\u00a0La d\u00e9couverte du pays \u00e9tait aussi \u00e0 l\u2019ordre dc\u00e9l\u00e8bre \u00ab Trinity Coll\u00e8ge \u00bb o\u00f9 est d\u00e9pos\u00e9 le livre dBelfast, Derry (ou London Derry) mais auMonasterboice, Clonmacnoise, Glendalough&#8230;des g\u00e9ants \u00bb \u00e0 l\u2019extr\u00eame nord du pays ou la modernier dimanche de juillet par une foule d\u2019irlandann\u00e9e).<\/p>\n<h4>Deux temps forts s\u2019ajout\u00e8rent \u00e0 ces visites&#160;:<\/h4>\n<p>Le premier \u00e0 Navan, dans le parc de Dalgan, o\u00f9\u00a0est implant\u00e9e la maison-m\u00e8re des P\u00e8res de Saint Colomban, nous\u00a0avons pu aller nous incliner sur la tombe du\u00a0p\u00e8re Halinden, un ami de notre pr\u00e9sident\u00a0d\u2019Honneur, qui a \u0153uvr\u00e9, il y a une\u00a0quarantaine d\u2019ann\u00e9e pour la r\u00e9habilitation du\u00a0site de Saint Valbert aux c\u00f4t\u00e9s d\u2019autres fr\u00e8res\u00a0toujours l\u00e0, comme Cyril Loveit avec lequel\u00a0nous avons pu \u00e9changer de nombreux\u00a0souvenirs. Nous nous sommes ensuite rendus\u00a0\u00c0 Wicklow, pour y rencontrer las S\u0153urs de saint Colomban.<br \/>\nSi les maisons m\u00e8res de ces deux\u00a0congr\u00e9gations sont en Irlande, la plupart des missionnaires de saint Colomban sont implant\u00e9s dans les\u00a0pays d\u2019Am\u00e9rique du sud et centrale, aux\u00a0Philippines et dans l\u2019Asie du sud-est. Leur si\u00e8ge devrait bient\u00f4t \u00eatre transf\u00e9r\u00e9 \u00e0 Hong-Kong,\u00a0plus pr\u00e8s des populations n\u00e9cessiteuses&#8230;<\/p>\n<p style=\"text-align: justify;\"><img data-attachment-id=\"686\" data-permalink=\"https:\/\/www.amisaintcolomban.org\/wordpress\/en-irlande-sur-les-pas-de-saint-colomban\/gazette-022\/\" data-orig-file=\"https:\/\/www.amisaintcolomban.org\/wordpress\/wp-content\/uploads\/gazette-022.jpg\" data-orig-size=\"730,591\" data-comments-opened=\"1\" data-image-meta=\"{&quot;aperture&quot;:&quot;0&quot;,&quot;credit&quot;:&quot;&quot;,&quot;camera&quot;:&quot;&quot;,&quot;caption&quot;:&quot;&quot;,&quot;created_timestamp&quot;:&quot;0&quot;,&quot;copyright&quot;:&quot;&quot;,&quot;focal_length&quot;:&quot;0&quot;,&quot;iso&quot;:&quot;0&quot;,&quot;shutter_speed&quot;:&quot;0&quot;,&quot;title&quot;:&quot;&quot;,&quot;orientation&quot;:&quot;0&quot;}\" data-image-title=\"gazette-022\" data-image-description=\"\" data-image-caption=\"\" data-medium-file=\"https:\/\/www.amisaintcolomban.org\/wordpress\/wp-content\/uploads\/gazette-022-300x242.jpg\" data-large-file=\"https:\/\/www.amisaintcolomban.org\/wordpress\/wp-content\/uploads\/gazette-022.jpg\" loading=\"lazy\" class=\"alignnone wp-image-686 size-full\" src=\"http:\/\/www.amisaintcolomban.org\/wordpress\/wp-content\/uploads\/gazette-022.jpg\" alt=\"gazette-022\" width=\"730\" height=\"591\" srcset=\"https:\/\/www.amisaintcolomban.org\/wordpress\/wp-content\/uploads\/gazette-022.jpg 730w, https:\/\/www.amisaintcolomban.org\/wordpress\/wp-content\/uploads\/gazette-022-300x242.jpg 300w\" sizes=\"(max-width: 730px) 100vw, 730px\" \/>Le second \u00e0 Bangor, \u00e0 10 km de Belfast. A cet endroit s\u2019\u00e9levait le monast\u00e8re dirig\u00e9 par l\u2019Abb\u00e9<br \/>\nComgall o\u00f9 Colomban a v\u00e9cu avant de venir sur le continent avec ses compagnons. Une \u00e9glise anglicane\u00a0a pris la place de l\u2019ancienne abbaye. Nous avons re\u00e7u un accueil extr\u00eamement chaleureux des autorit\u00e9s\u00a0civiles (le Maire en personne est venu nous saluer et nous a remis une plaquette aux armes de sa ville).<br \/>\net religieuses.<\/p>\n<p style=\"text-align: justify;\">Une c\u00e9l\u00e9bration \u0153cum\u00e9nique pr\u00e9sid\u00e9e par le\u00a0p\u00e8re Norbert Petot, notre accompagnateur, et le\u00a0r\u00e9v\u00e8rend A. Mc. Laughlin pr\u00e9c\u00e9da la remise de la\u00a0tr\u00e8s belle plaque en bronze \u00e0 l\u2019effigie de notre saint offerte par notre association avec une\u00a0participation de l\u2019association <em>San Colombano per Europa.<\/em><\/p>\n<p style=\"text-align: justify;\">Depuis, celle-ci a \u00e9t\u00e9 install\u00e9e sur un bloc\u00a0de pierre implant\u00e9 dans le petit massif \u00e0 l\u2019entr\u00e9e\u00a0de l\u2019\u00e9glise. Apr\u00e8s la grotte de Ste-Marie-en\u2013Chanois, chez nous, le 14 juillet, et Saint<br \/>\nCoulomb en Bretagne le 20 juillet, la plaque de Bangor sera la troisi\u00e8me\u00a0avant celle du col du Septimer pos\u00e9e le 16 ao\u00fbt et\u00a0celle de Bobbio mise en place fin 2008.<\/p>\n<p style=\"text-align: justify;\">Ainsi aura\u00a0\u00e9t\u00e9 amorc\u00e9e cette ann\u00e9e la cr\u00e9ation de ce chemin\u00a0de Saint Colomban qui, de Bangor en Irlande\u00a0jusqu\u2019\u00e0 Bobbio en Italie, via Luxeuil a \u00e9t\u00e9 suivi\u00a0par notre grand Saint au 6e et 7e si\u00e8cle. Puisse-t-il, dans les ann\u00e9es \u00e0 venir \u00eatre aussi connu que\u00a0celui de Saint Jacques de Compostelle&#160;!<\/p>\n","protected":false},"excerpt":{"rendered":"<p>28 juillet &#8211; 4 ao\u00fbt 2008 C\u2019est le voyage qu\u2019une bonne trentaine der\u00e9gion de Luxeuil, Amis de Saint Colomban pour l2008.\u00a0La d\u00e9couverte du pays \u00e9tait aussi \u00e0 l\u2019ordre dc\u00e9l\u00e8bre \u00ab Trinity Coll\u00e8ge \u00bb o\u00f9 est d\u00e9pos\u00e9 le livre dBelfast, Derry&hellip; <\/p>\n","protected":false},"author":2,"featured_media":684,"comment_status":"closed","ping_status":"open","sticky":false,"template":"","format":"standard","meta":{"jetpack_post_was_ever_published":false,"jetpack_publicize_message":"","jetpack_is_tweetstorm":false,"jetpack_publicize_feature_enabled":true,"jetpack_social_post_already_shared":true,"jetpack_social_options":{"image_generator_settings":{"template":"highway","enabled":false}}},"categories":[17,13,16,18],"tags":[],"jetpack_publicize_connections":[],"jetpack_featured_media_url":"https:\/\/www.amisaintcolomban.org\/wordpress\/wp-content\/uploads\/gazette-021.jpg","jetpack_sharing_enabled":true,"jetpack_shortlink":"https:\/\/wp.me\/p5rJPU-aZ","_links":{"self":[{"href":"https:\/\/www.amisaintcolomban.org\/wordpress\/wp-json\/wp\/v2\/posts\/681"}],"collection":[{"href":"https:\/\/www.amisaintcolomban.org\/wordpress\/wp-json\/wp\/v2\/posts"}],"about":[{"href":"https:\/\/www.amisaintcolomban.org\/wordpress\/wp-json\/wp\/v2\/types\/post"}],"author":[{"embeddable":true,"href":"https:\/\/www.amisaintcolomban.org\/wordpress\/wp-json\/wp\/v2\/users\/2"}],"replies":[{"embeddable":true,"href":"https:\/\/www.amisaintcolomban.org\/wordpress\/wp-json\/wp\/v2\/comments?post=681"}],"version-history":[{"count":3,"href":"https:\/\/www.amisaintcolomban.org\/wordpress\/wp-json\/wp\/v2\/posts\/681\/revisions"}],"predecessor-version":[{"id":4720,"href":"https:\/\/www.amisaintcolomban.org\/wordpress\/wp-json\/wp\/v2\/posts\/681\/revisions\/4720"}],"wp:featuredmedia":[{"embeddable":true,"href":"https:\/\/www.amisaintcolomban.org\/wordpress\/wp-json\/wp\/v2\/media\/684"}],"wp:attachment":[{"href":"https:\/\/www.amisaintcolomban.org\/wordpress\/wp-json\/wp\/v2\/media?parent=681"}],"wp:term":[{"taxonomy":"category","embeddable":true,"href":"https:\/\/www.amisaintcolomban.org\/wordpress\/wp-json\/wp\/v2\/categories?post=681"},{"taxonomy":"post_tag","embeddable":true,"href":"https:\/\/www.amisaintcolomban.org\/wordpress\/wp-json\/wp\/v2\/tags?post=681"}],"curies":[{"name":"wp","href":"https:\/\/api.w.org\/{rel}","templated":true}]}}