{"id":781,"date":"2015-01-19T15:46:30","date_gmt":"2015-01-19T14:46:30","guid":{"rendered":"http:\/\/www.amisaintcolomban.org\/wordpress\/?p=781"},"modified":"2015-02-04T08:45:41","modified_gmt":"2015-02-04T07:45:41","slug":"5-novembre-2009-nuit-du-film-darcheologie","status":"publish","type":"post","link":"https:\/\/www.amisaintcolomban.org\/wordpress\/5-novembre-2009-nuit-du-film-darcheologie\/","title":{"rendered":"5 novembre 2009&#160;: nuit du film d&rsquo;arch\u00e9ologie"},"content":{"rendered":"<div class=\"tiled-gallery type-rectangular tiled-gallery-unresized\" data-original-width=\"700\" data-carousel-extra='{&quot;blog_id&quot;:1,&quot;permalink&quot;:&quot;https:\\\/\\\/www.amisaintcolomban.org\\\/wordpress\\\/5-novembre-2009-nuit-du-film-darcheologie\\\/&quot;,&quot;likes_blog_id&quot;:80492734}' itemscope itemtype=\"http:\/\/schema.org\/ImageGallery\" > <div class=\"gallery-row\" style=\"width: 700px; height: 324px;\" data-original-width=\"700\" data-original-height=\"324\" > <div class=\"gallery-group images-1\" style=\"width: 483px; height: 324px;\" data-original-width=\"483\" data-original-height=\"324\" > <div class=\"tiled-gallery-item tiled-gallery-item-large\" itemprop=\"associatedMedia\" itemscope itemtype=\"http:\/\/schema.org\/ImageObject\"> <a href=\"https:\/\/www.amisaintcolomban.org\/wordpress\/nuit_de_l_arch__ologie_001_7\/\" border=\"0\" itemprop=\"url\"> <meta itemprop=\"width\" content=\"479\"> <meta itemprop=\"height\" content=\"320\"> <img data-attachment-id=\"783\" data-orig-file=\"https:\/\/www.amisaintcolomban.org\/wordpress\/wp-content\/uploads\/nuit_de_l_arch__ologie_001_7.jpg\" data-orig-size=\"800,534\" data-comments-opened=\"1\" data-image-meta=\"{&quot;aperture&quot;:&quot;0&quot;,&quot;credit&quot;:&quot;&quot;,&quot;camera&quot;:&quot;&quot;,&quot;caption&quot;:&quot;&quot;,&quot;created_timestamp&quot;:&quot;0&quot;,&quot;copyright&quot;:&quot;&quot;,&quot;focal_length&quot;:&quot;0&quot;,&quot;iso&quot;:&quot;0&quot;,&quot;shutter_speed&quot;:&quot;0&quot;,&quot;title&quot;:&quot;&quot;,&quot;orientation&quot;:&quot;0&quot;}\" data-image-title=\"nuit_de_l_arch__ologie_001_(7)\" data-image-description=\"\" data-medium-file=\"https:\/\/www.amisaintcolomban.org\/wordpress\/wp-content\/uploads\/nuit_de_l_arch__ologie_001_7-300x200.jpg\" data-large-file=\"https:\/\/www.amisaintcolomban.org\/wordpress\/wp-content\/uploads\/nuit_de_l_arch__ologie_001_7.jpg\" src=\"https:\/\/i0.wp.com\/www.amisaintcolomban.org\/wordpress\/wp-content\/uploads\/nuit_de_l_arch__ologie_001_7.jpg?w=479&#038;h=320&#038;ssl=1\" width=\"479\" height=\"320\" data-original-width=\"479\" data-original-height=\"320\" itemprop=\"http:\/\/schema.org\/image\" title=\"nuit_de_l_arch__ologie_001_(7)\" alt=\"Un public nombreux\" style=\"width: 479px; height: 320px;\" \/> <\/a> <div class=\"tiled-gallery-caption\" itemprop=\"caption description\"> Un public nombreux <\/div> <\/div> <\/div> <!-- close group --> <div class=\"gallery-group images-1\" style=\"width: 217px; height: 324px;\" data-original-width=\"217\" data-original-height=\"324\" > <div class=\"tiled-gallery-item tiled-gallery-item-small\" itemprop=\"associatedMedia\" itemscope itemtype=\"http:\/\/schema.org\/ImageObject\"> <a href=\"https:\/\/www.amisaintcolomban.org\/wordpress\/nuit_de_l_arch__ologie_001_17\/\" border=\"0\" itemprop=\"url\"> <meta itemprop=\"width\" content=\"213\"> <meta itemprop=\"height\" content=\"320\"> <img data-attachment-id=\"784\" data-orig-file=\"https:\/\/www.amisaintcolomban.org\/wordpress\/wp-content\/uploads\/nuit_de_l_arch__ologie_001_17.jpg\" data-orig-size=\"512,768\" data-comments-opened=\"1\" data-image-meta=\"{&quot;aperture&quot;:&quot;0&quot;,&quot;credit&quot;:&quot;&quot;,&quot;camera&quot;:&quot;&quot;,&quot;caption&quot;:&quot;&quot;,&quot;created_timestamp&quot;:&quot;0&quot;,&quot;copyright&quot;:&quot;&quot;,&quot;focal_length&quot;:&quot;0&quot;,&quot;iso&quot;:&quot;0&quot;,&quot;shutter_speed&quot;:&quot;0&quot;,&quot;title&quot;:&quot;&quot;,&quot;orientation&quot;:&quot;0&quot;}\" data-image-title=\"nuit_de_l_arch__ologie_001_(17)\" data-image-description=\"\" data-medium-file=\"https:\/\/www.amisaintcolomban.org\/wordpress\/wp-content\/uploads\/nuit_de_l_arch__ologie_001_17-200x300.jpg\" data-large-file=\"https:\/\/www.amisaintcolomban.org\/wordpress\/wp-content\/uploads\/nuit_de_l_arch__ologie_001_17.jpg\" src=\"https:\/\/i0.wp.com\/www.amisaintcolomban.org\/wordpress\/wp-content\/uploads\/nuit_de_l_arch__ologie_001_17.jpg?w=213&#038;h=320&#038;ssl=1\" width=\"213\" height=\"320\" data-original-width=\"213\" data-original-height=\"320\" itemprop=\"http:\/\/schema.org\/image\" title=\"nuit_de_l_arch__ologie_001_(17)\" alt=\"Philippe Kahn, vice-pr\u00e9sident de l&#039;association\" style=\"width: 213px; height: 320px;\" \/> <\/a> <div class=\"tiled-gallery-caption\" itemprop=\"caption description\"> Philippe Kahn, vice-pr\u00e9sident de l&rsquo;association <\/div> <\/div> <\/div> <!-- close group --> <\/div> <!-- close row --> <div class=\"gallery-row\" style=\"width: 700px; height: 468px;\" data-original-width=\"700\" data-original-height=\"468\" > <div class=\"gallery-group images-1\" style=\"width: 700px; height: 468px;\" data-original-width=\"700\" data-original-height=\"468\" > <div class=\"tiled-gallery-item tiled-gallery-item-large\" itemprop=\"associatedMedia\" itemscope itemtype=\"http:\/\/schema.org\/ImageObject\"> <a href=\"https:\/\/www.amisaintcolomban.org\/wordpress\/nuit_de_l_arch__ologie_001_28\/\" border=\"0\" itemprop=\"url\"> <meta itemprop=\"width\" content=\"696\"> <meta itemprop=\"height\" content=\"464\"> <img data-attachment-id=\"785\" data-orig-file=\"https:\/\/www.amisaintcolomban.org\/wordpress\/wp-content\/uploads\/nuit_de_l_arch__ologie_001_28.jpg\" data-orig-size=\"1024,683\" data-comments-opened=\"1\" data-image-meta=\"{&quot;aperture&quot;:&quot;0&quot;,&quot;credit&quot;:&quot;&quot;,&quot;camera&quot;:&quot;&quot;,&quot;caption&quot;:&quot;&quot;,&quot;created_timestamp&quot;:&quot;0&quot;,&quot;copyright&quot;:&quot;&quot;,&quot;focal_length&quot;:&quot;0&quot;,&quot;iso&quot;:&quot;0&quot;,&quot;shutter_speed&quot;:&quot;0&quot;,&quot;title&quot;:&quot;&quot;,&quot;orientation&quot;:&quot;0&quot;}\" data-image-title=\"nuit_de_l_arch__ologie_001_(28)\" data-image-description=\"\" data-medium-file=\"https:\/\/www.amisaintcolomban.org\/wordpress\/wp-content\/uploads\/nuit_de_l_arch__ologie_001_28-300x200.jpg\" data-large-file=\"https:\/\/www.amisaintcolomban.org\/wordpress\/wp-content\/uploads\/nuit_de_l_arch__ologie_001_28.jpg\" src=\"https:\/\/i0.wp.com\/www.amisaintcolomban.org\/wordpress\/wp-content\/uploads\/nuit_de_l_arch__ologie_001_28.jpg?w=696&#038;h=464&#038;ssl=1\" width=\"696\" height=\"464\" data-original-width=\"696\" data-original-height=\"464\" itemprop=\"http:\/\/schema.org\/image\" title=\"nuit_de_l_arch__ologie_001_(28)\" alt=\"Un petit buffet, pr\u00e9par\u00e9 par une dizaine d&#039;Amis de Saint Colomban, \u00e0 l&#039;entr\u00e9e de l&#039;Espace Moli\u00e8re permettait de se retrouver et d&#039;\u00e9changer sur le devenir de la place de la R\u00e9publique\" style=\"width: 696px; height: 464px;\" \/> <\/a> <div class=\"tiled-gallery-caption\" itemprop=\"caption description\"> Un petit buffet, pr\u00e9par\u00e9 par une dizaine d&rsquo;Amis de Saint Colomban, \u00e0 l&rsquo;entr\u00e9e de l&rsquo;Espace Moli\u00e8re permettait de se retrouver et d&rsquo;\u00e9changer sur le devenir de la place de la R\u00e9publique <\/div> <\/div> <\/div> <!-- close group --> <\/div> <!-- close row --> <\/div>\n<h3>Un grand succ\u00e8s qui a ravi les luxoviens en marche vers la reconqu\u00eate de leur patrimoine.<\/h3>\n<p>Les projections pour les scolaires ont commenc\u00e9 le matin et se sont poursuivies l&rsquo;apr\u00e8s-midi avec au total 395 enfants ravis de d\u00e9couvrir l&rsquo;arch\u00e9ologie, une science qui allie haute technicit\u00e9 et t\u00e9moignages de l&rsquo;Histoire.<br \/>\nLa pr\u00e9sentation du chantier des fouilles en fin d&rsquo;apr\u00e8s-midi avait oblig\u00e9 S\u00e9bastien Bully, entour\u00e9 de son \u00e9quipe d&rsquo;arch\u00e9ologues, \u00e0 mettre en place un \u00e9clairage adapt\u00e9 en collaboration avec les services techniques de la ville de Luxeuil-les-Bains.<\/p>\n<p>La pr\u00e9sentation du chantier des fouilles en fin d&rsquo;apr\u00e8s-midi avait oblig\u00e9 S\u00e9bastien Bully, entour\u00e9 de son \u00e9quipe d&rsquo;arch\u00e9ologues, \u00e0 mettre en place un \u00e9clairage adapt\u00e9 en collaboration avec les services techniques de la ville de Luxeuil-les-Bains.\u00a0220 personnes avaient brav\u00e9 le froid et la pluie pour \u00e9couter les explications de M. Bully.<\/p>\n<p>Apr\u00e8s l&rsquo;inauguration de la soir\u00e9e \u00e0 l&rsquo;Espace Moli\u00e8re de Luxeuil-les-Bains, par\u00a0M. Michel Raison, d\u00e9put\u00e9 et maire de Luxeuil-les-Bains, M. Jean Coste, pr\u00e9sident des Amis de Saint Colomban, M. Philippe Kahn, vice-pr\u00e9sident et M. G\u00e9rald Barbet, pr\u00e9sident de l&rsquo;association FORTIS. 14\u00a0films ou courts m\u00e9trages ont \u00e9t\u00e9 projet\u00e9s devant 254 spectateurs.<\/p>\n<p>Merci aux\u00a0dix commer\u00e7ants et PME de Luxeuil-les-Bains, ainsi qu&rsquo;\u00e0 la\u00a0ville de Luxeuil-les-Bains pour le pr\u00eat de l\u2019Espace Moli\u00e8re, et au personnel municipal qui a grandement contribu\u00e9 \u00e0 cette journ\u00e9e en hommage \u00e0 l&rsquo;arch\u00e9ologie, avec professionnalisme et disponibilit\u00e9. Voir l&rsquo;article<\/p>\n<p>&nbsp;<\/p>\n","protected":false},"excerpt":{"rendered":"<p>Un grand succ\u00e8s qui a ravi les luxoviens en marche vers la reconqu\u00eate de leur patrimoine. Les projections pour les scolaires ont commenc\u00e9 le matin et se sont poursuivies l&rsquo;apr\u00e8s-midi avec au total 395 enfants ravis de d\u00e9couvrir l&rsquo;arch\u00e9ologie, une&hellip; <\/p>\n","protected":false},"author":2,"featured_media":0,"comment_status":"closed","ping_status":"open","sticky":false,"template":"","format":"standard","meta":{"jetpack_post_was_ever_published":false,"jetpack_publicize_message":"","jetpack_is_tweetstorm":false,"jetpack_publicize_feature_enabled":true,"jetpack_social_post_already_shared":true,"jetpack_social_options":{"image_generator_settings":{"template":"highway","enabled":false}}},"categories":[19],"tags":[],"jetpack_publicize_connections":[],"jetpack_featured_media_url":"","jetpack_sharing_enabled":true,"jetpack_shortlink":"https:\/\/wp.me\/p5rJPU-cB","_links":{"self":[{"href":"https:\/\/www.amisaintcolomban.org\/wordpress\/wp-json\/wp\/v2\/posts\/781"}],"collection":[{"href":"https:\/\/www.amisaintcolomban.org\/wordpress\/wp-json\/wp\/v2\/posts"}],"about":[{"href":"https:\/\/www.amisaintcolomban.org\/wordpress\/wp-json\/wp\/v2\/types\/post"}],"author":[{"embeddable":true,"href":"https:\/\/www.amisaintcolomban.org\/wordpress\/wp-json\/wp\/v2\/users\/2"}],"replies":[{"embeddable":true,"href":"https:\/\/www.amisaintcolomban.org\/wordpress\/wp-json\/wp\/v2\/comments?post=781"}],"version-history":[{"count":4,"href":"https:\/\/www.amisaintcolomban.org\/wordpress\/wp-json\/wp\/v2\/posts\/781\/revisions"}],"predecessor-version":[{"id":790,"href":"https:\/\/www.amisaintcolomban.org\/wordpress\/wp-json\/wp\/v2\/posts\/781\/revisions\/790"}],"wp:attachment":[{"href":"https:\/\/www.amisaintcolomban.org\/wordpress\/wp-json\/wp\/v2\/media?parent=781"}],"wp:term":[{"taxonomy":"category","embeddable":true,"href":"https:\/\/www.amisaintcolomban.org\/wordpress\/wp-json\/wp\/v2\/categories?post=781"},{"taxonomy":"post_tag","embeddable":true,"href":"https:\/\/www.amisaintcolomban.org\/wordpress\/wp-json\/wp\/v2\/tags?post=781"}],"curies":[{"name":"wp","href":"https:\/\/api.w.org\/{rel}","templated":true}]}}