{"id":821,"date":"2015-01-19T18:37:47","date_gmt":"2015-01-19T17:37:47","guid":{"rendered":"http:\/\/www.amisaintcolomban.org\/wordpress\/?p=821"},"modified":"2015-02-04T08:45:41","modified_gmt":"2015-02-04T07:45:41","slug":"821","status":"publish","type":"post","link":"https:\/\/www.amisaintcolomban.org\/wordpress\/821\/","title":{"rendered":"Voyage \u00e0 Remiremont"},"content":{"rendered":"<div class=\"tiled-gallery type-rectangular tiled-gallery-unresized\" data-original-width=\"700\" data-carousel-extra='{&quot;blog_id&quot;:1,&quot;permalink&quot;:&quot;https:\\\/\\\/www.amisaintcolomban.org\\\/wordpress\\\/821\\\/&quot;,&quot;likes_blog_id&quot;:80492734}' itemscope itemtype=\"http:\/\/schema.org\/ImageGallery\" > <div class=\"gallery-row\" style=\"width: 700px; height: 306px;\" data-original-width=\"700\" data-original-height=\"306\" > <div class=\"gallery-group images-2\" style=\"width: 243px; height: 306px;\" data-original-width=\"243\" data-original-height=\"306\" > <div class=\"tiled-gallery-item tiled-gallery-item-small\" itemprop=\"associatedMedia\" itemscope itemtype=\"http:\/\/schema.org\/ImageObject\"> <a href=\"https:\/\/www.amisaintcolomban.org\/wordpress\/821\/remiremont_saint_mont_041a\/\" border=\"0\" itemprop=\"url\"> <meta itemprop=\"width\" content=\"239\"> <meta itemprop=\"height\" content=\"139\"> <img data-attachment-id=\"823\" data-orig-file=\"https:\/\/www.amisaintcolomban.org\/wordpress\/wp-content\/uploads\/Remiremont_Saint_Mont_041a.jpg\" data-orig-size=\"3449,2002\" data-comments-opened=\"1\" data-image-meta=\"{&quot;aperture&quot;:&quot;13&quot;,&quot;credit&quot;:&quot;&quot;,&quot;camera&quot;:&quot;Canon EOS 400D DIGITAL&quot;,&quot;caption&quot;:&quot;&quot;,&quot;created_timestamp&quot;:&quot;1272186072&quot;,&quot;copyright&quot;:&quot;&quot;,&quot;focal_length&quot;:&quot;18&quot;,&quot;iso&quot;:&quot;400&quot;,&quot;shutter_speed&quot;:&quot;0.0025&quot;,&quot;title&quot;:&quot;&quot;,&quot;orientation&quot;:&quot;1&quot;}\" data-image-title=\"Remiremont_Saint_Mont_041a\" data-image-description=\"\" data-medium-file=\"https:\/\/www.amisaintcolomban.org\/wordpress\/wp-content\/uploads\/Remiremont_Saint_Mont_041a-300x174.jpg\" data-large-file=\"https:\/\/www.amisaintcolomban.org\/wordpress\/wp-content\/uploads\/Remiremont_Saint_Mont_041a-1024x594.jpg\" src=\"https:\/\/i0.wp.com\/www.amisaintcolomban.org\/wordpress\/wp-content\/uploads\/Remiremont_Saint_Mont_041a.jpg?w=239&#038;h=139&#038;ssl=1\" width=\"239\" height=\"139\" data-original-width=\"239\" data-original-height=\"139\" itemprop=\"http:\/\/schema.org\/image\" title=\"Remiremont_Saint_Mont_041a\" alt=\"Par un beau soleil nous avons gravi le Saint Mont avec les explications d\u00e9taill\u00e9es de M. Michel Rouillon\" style=\"width: 239px; height: 139px;\" \/> <\/a> <div class=\"tiled-gallery-caption\" itemprop=\"caption description\"> Par un beau soleil nous avons gravi le Saint Mont avec les explications d\u00e9taill\u00e9es de M. Michel Rouillon <\/div> <\/div> <div class=\"tiled-gallery-item tiled-gallery-item-small\" itemprop=\"associatedMedia\" itemscope itemtype=\"http:\/\/schema.org\/ImageObject\"> <a href=\"https:\/\/www.amisaintcolomban.org\/wordpress\/821\/remiremont_saint_mont_064a\/\" border=\"0\" itemprop=\"url\"> <meta itemprop=\"width\" content=\"239\"> <meta itemprop=\"height\" content=\"159\"> <img data-attachment-id=\"824\" data-orig-file=\"https:\/\/www.amisaintcolomban.org\/wordpress\/wp-content\/uploads\/Remiremont_Saint_Mont_064a.jpg\" data-orig-size=\"3888,2592\" data-comments-opened=\"1\" data-image-meta=\"{&quot;aperture&quot;:&quot;14&quot;,&quot;credit&quot;:&quot;&quot;,&quot;camera&quot;:&quot;Canon EOS 400D DIGITAL&quot;,&quot;caption&quot;:&quot;&quot;,&quot;created_timestamp&quot;:&quot;1272192112&quot;,&quot;copyright&quot;:&quot;&quot;,&quot;focal_length&quot;:&quot;33&quot;,&quot;iso&quot;:&quot;400&quot;,&quot;shutter_speed&quot;:&quot;0.003125&quot;,&quot;title&quot;:&quot;&quot;,&quot;orientation&quot;:&quot;1&quot;}\" data-image-title=\"Remiremont_Saint_Mont_064a\" data-image-description=\"\" data-medium-file=\"https:\/\/www.amisaintcolomban.org\/wordpress\/wp-content\/uploads\/Remiremont_Saint_Mont_064a-300x200.jpg\" data-large-file=\"https:\/\/www.amisaintcolomban.org\/wordpress\/wp-content\/uploads\/Remiremont_Saint_Mont_064a-1024x682.jpg\" src=\"https:\/\/i0.wp.com\/www.amisaintcolomban.org\/wordpress\/wp-content\/uploads\/Remiremont_Saint_Mont_064a.jpg?w=239&#038;h=159&#038;ssl=1\" width=\"239\" height=\"159\" data-original-width=\"239\" data-original-height=\"159\" itemprop=\"http:\/\/schema.org\/image\" title=\"Remiremont_Saint_Mont_064a\" alt=\"La visite du m\u00e9morial Saint Am\u00e9 dans le village \u00e9ponyme nous a permis de conna\u00eetre l&#039;histoire des premiers moines et moniales du Saint Mont.\" style=\"width: 239px; height: 159px;\" \/> <\/a> <div class=\"tiled-gallery-caption\" itemprop=\"caption description\"> La visite du m\u00e9morial Saint Am\u00e9 dans le village \u00e9ponyme nous a permis de conna\u00eetre l&rsquo;histoire des premiers moines et moniales du Saint Mont. <\/div> <\/div> <\/div> <!-- close group --> <div class=\"gallery-group images-1\" style=\"width: 457px; height: 306px;\" data-original-width=\"457\" data-original-height=\"306\" > <div class=\"tiled-gallery-item tiled-gallery-item-large\" itemprop=\"associatedMedia\" itemscope itemtype=\"http:\/\/schema.org\/ImageObject\"> <a href=\"https:\/\/www.amisaintcolomban.org\/wordpress\/821\/remiremont_saint_mont_119a-2\/\" border=\"0\" itemprop=\"url\"> <meta itemprop=\"width\" content=\"453\"> <meta itemprop=\"height\" content=\"302\"> <img data-attachment-id=\"825\" data-orig-file=\"https:\/\/www.amisaintcolomban.org\/wordpress\/wp-content\/uploads\/Remiremont_Saint_Mont_119a1.jpg\" data-orig-size=\"3888,2592\" data-comments-opened=\"1\" data-image-meta=\"{&quot;aperture&quot;:&quot;4&quot;,&quot;credit&quot;:&quot;&quot;,&quot;camera&quot;:&quot;Canon EOS 400D DIGITAL&quot;,&quot;caption&quot;:&quot;&quot;,&quot;created_timestamp&quot;:&quot;1272210266&quot;,&quot;copyright&quot;:&quot;&quot;,&quot;focal_length&quot;:&quot;18&quot;,&quot;iso&quot;:&quot;400&quot;,&quot;shutter_speed&quot;:&quot;0.016666666666667&quot;,&quot;title&quot;:&quot;&quot;,&quot;orientation&quot;:&quot;1&quot;}\" data-image-title=\"Remiremont_Saint_Mont_119a\" data-image-description=\"\" data-medium-file=\"https:\/\/www.amisaintcolomban.org\/wordpress\/wp-content\/uploads\/Remiremont_Saint_Mont_119a1-300x200.jpg\" data-large-file=\"https:\/\/www.amisaintcolomban.org\/wordpress\/wp-content\/uploads\/Remiremont_Saint_Mont_119a1-1024x682.jpg\" src=\"https:\/\/i0.wp.com\/www.amisaintcolomban.org\/wordpress\/wp-content\/uploads\/Remiremont_Saint_Mont_119a1.jpg?w=453&#038;h=302&#038;ssl=1\" width=\"453\" height=\"302\" data-original-width=\"453\" data-original-height=\"302\" itemprop=\"http:\/\/schema.org\/image\" title=\"Remiremont_Saint_Mont_119a\" alt=\"Apr\u00e8s la visite des mus\u00e9es Charles de Bruy\u00e8res et Friry sous la conduite de M. Althoffer, Mme Jacotey, une fid\u00e8le Amie de Saint Colomban, nous a fait partager sa passion sur l&#039;histoire du monast\u00e8re colombanien devenu au cours des si\u00e8cles une c\u00e9l\u00e8bre abbaye de chanoinesses.\" style=\"width: 453px; height: 302px;\" \/> <\/a> <div class=\"tiled-gallery-caption\" itemprop=\"caption description\"> Apr\u00e8s la visite des mus\u00e9es Charles de Bruy\u00e8res et Friry sous la conduite de M. Althoffer, Mme Jacotey, une fid\u00e8le Amie de Saint Colomban, nous a fait partager sa passion sur l&rsquo;histoire du monast\u00e8re colombanien devenu au cours des si\u00e8cles une c\u00e9l\u00e8bre abbaye de chanoinesses. <\/div> <\/div> <\/div> <!-- close group --> <\/div> <!-- close row --> <\/div>\n","protected":false},"excerpt":{"rendered":"","protected":false},"author":2,"featured_media":0,"comment_status":"closed","ping_status":"open","sticky":false,"template":"","format":"standard","meta":{"jetpack_post_was_ever_published":false,"jetpack_publicize_message":"","jetpack_is_tweetstorm":false,"jetpack_publicize_feature_enabled":true,"jetpack_social_post_already_shared":true,"jetpack_social_options":{"image_generator_settings":{"template":"highway","enabled":false}}},"categories":[20],"tags":[],"jetpack_publicize_connections":[],"jetpack_featured_media_url":"","jetpack_sharing_enabled":true,"jetpack_shortlink":"https:\/\/wp.me\/s5rJPU-821","_links":{"self":[{"href":"https:\/\/www.amisaintcolomban.org\/wordpress\/wp-json\/wp\/v2\/posts\/821"}],"collection":[{"href":"https:\/\/www.amisaintcolomban.org\/wordpress\/wp-json\/wp\/v2\/posts"}],"about":[{"href":"https:\/\/www.amisaintcolomban.org\/wordpress\/wp-json\/wp\/v2\/types\/post"}],"author":[{"embeddable":true,"href":"https:\/\/www.amisaintcolomban.org\/wordpress\/wp-json\/wp\/v2\/users\/2"}],"replies":[{"embeddable":true,"href":"https:\/\/www.amisaintcolomban.org\/wordpress\/wp-json\/wp\/v2\/comments?post=821"}],"version-history":[{"count":2,"href":"https:\/\/www.amisaintcolomban.org\/wordpress\/wp-json\/wp\/v2\/posts\/821\/revisions"}],"predecessor-version":[{"id":827,"href":"https:\/\/www.amisaintcolomban.org\/wordpress\/wp-json\/wp\/v2\/posts\/821\/revisions\/827"}],"wp:attachment":[{"href":"https:\/\/www.amisaintcolomban.org\/wordpress\/wp-json\/wp\/v2\/media?parent=821"}],"wp:term":[{"taxonomy":"category","embeddable":true,"href":"https:\/\/www.amisaintcolomban.org\/wordpress\/wp-json\/wp\/v2\/categories?post=821"},{"taxonomy":"post_tag","embeddable":true,"href":"https:\/\/www.amisaintcolomban.org\/wordpress\/wp-json\/wp\/v2\/tags?post=821"}],"curies":[{"name":"wp","href":"https:\/\/api.w.org\/{rel}","templated":true}]}}