{"id":829,"date":"2015-01-19T18:47:04","date_gmt":"2015-01-19T17:47:04","guid":{"rendered":"http:\/\/www.amisaintcolomban.org\/wordpress\/?p=829"},"modified":"2015-02-04T08:45:41","modified_gmt":"2015-02-04T07:45:41","slug":"2-mai-2010-fete-a-saint-valbert","status":"publish","type":"post","link":"https:\/\/www.amisaintcolomban.org\/wordpress\/2-mai-2010-fete-a-saint-valbert\/","title":{"rendered":"2 mai 2010&#160;: f\u00eate \u00e0 Saint-Valbert"},"content":{"rendered":"<div class=\"tiled-gallery type-rectangular tiled-gallery-unresized\" data-original-width=\"700\" data-carousel-extra='{&quot;blog_id&quot;:1,&quot;permalink&quot;:&quot;https:\\\/\\\/www.amisaintcolomban.org\\\/wordpress\\\/2-mai-2010-fete-a-saint-valbert\\\/&quot;,&quot;likes_blog_id&quot;:80492734}' itemscope itemtype=\"http:\/\/schema.org\/ImageGallery\" > <div class=\"gallery-row\" style=\"width: 700px; height: 146px;\" data-original-width=\"700\" data-original-height=\"146\" > <div class=\"gallery-group images-1\" style=\"width: 198px; height: 146px;\" data-original-width=\"198\" data-original-height=\"146\" > <div class=\"tiled-gallery-item tiled-gallery-item-small\" itemprop=\"associatedMedia\" itemscope itemtype=\"http:\/\/schema.org\/ImageObject\"> <a href=\"https:\/\/www.amisaintcolomban.org\/wordpress\/2-mai-2010-fete-a-saint-valbert\/st_valbert_2010b\/\" border=\"0\" itemprop=\"url\"> <meta itemprop=\"width\" content=\"194\"> <meta itemprop=\"height\" content=\"142\"> <img data-attachment-id=\"830\" data-orig-file=\"https:\/\/www.amisaintcolomban.org\/wordpress\/wp-content\/uploads\/st_valbert_2010b.jpg\" data-orig-size=\"2816,2060\" data-comments-opened=\"1\" data-image-meta=\"{&quot;aperture&quot;:&quot;3.3&quot;,&quot;credit&quot;:&quot;&quot;,&quot;camera&quot;:&quot;DMC-TZ5&quot;,&quot;caption&quot;:&quot;&quot;,&quot;created_timestamp&quot;:&quot;1272792967&quot;,&quot;copyright&quot;:&quot;&quot;,&quot;focal_length&quot;:&quot;4.7&quot;,&quot;iso&quot;:&quot;160&quot;,&quot;shutter_speed&quot;:&quot;0.004&quot;,&quot;title&quot;:&quot;&quot;,&quot;orientation&quot;:&quot;1&quot;}\" data-image-title=\"st_valbert_2010b\" data-image-description=\"\" data-medium-file=\"https:\/\/www.amisaintcolomban.org\/wordpress\/wp-content\/uploads\/st_valbert_2010b-300x219.jpg\" data-large-file=\"https:\/\/www.amisaintcolomban.org\/wordpress\/wp-content\/uploads\/st_valbert_2010b-1024x749.jpg\" src=\"https:\/\/i0.wp.com\/www.amisaintcolomban.org\/wordpress\/wp-content\/uploads\/st_valbert_2010b.jpg?w=194&#038;h=142&#038;ssl=1\" width=\"194\" height=\"142\" data-original-width=\"194\" data-original-height=\"142\" itemprop=\"http:\/\/schema.org\/image\" title=\"st_valbert_2010b\" alt=\"Mme Odile Pouilley, maire de Saint-Valbert, fut tr\u00e8s active dans ce projet de r\u00e9tablir la f\u00eate du saint patron. C&#039;est \u00e0 elle que revenait l&#039;honneur de porter l&#039;\u00e9cuelle du Saint (conserv\u00e9e au Lieu de M\u00e9moire Gilles Cugnier)\" style=\"width: 194px; height: 142px;\" \/> <\/a> <div class=\"tiled-gallery-caption\" itemprop=\"caption description\"> Mme Odile Pouilley, maire de Saint-Valbert, fut tr\u00e8s active dans ce projet de r\u00e9tablir la f\u00eate du saint patron. C&rsquo;est \u00e0 elle que revenait l&rsquo;honneur de porter l&rsquo;\u00e9cuelle du Saint (conserv\u00e9e au Lieu de M\u00e9moire Gilles Cugnier) <\/div> <\/div> <\/div> <!-- close group --> <div class=\"gallery-group images-1\" style=\"width: 99px; height: 146px;\" data-original-width=\"99\" data-original-height=\"146\" > <div class=\"tiled-gallery-item tiled-gallery-item-small\" itemprop=\"associatedMedia\" itemscope itemtype=\"http:\/\/schema.org\/ImageObject\"> <a href=\"https:\/\/www.amisaintcolomban.org\/wordpress\/2-mai-2010-fete-a-saint-valbert\/st_valbert_2010e\/\" border=\"0\" itemprop=\"url\"> <meta itemprop=\"width\" content=\"95\"> <meta itemprop=\"height\" content=\"142\"> <img data-attachment-id=\"833\" data-orig-file=\"https:\/\/www.amisaintcolomban.org\/wordpress\/wp-content\/uploads\/st_valbert_2010e.jpg\" data-orig-size=\"606,902\" data-comments-opened=\"1\" data-image-meta=\"{&quot;aperture&quot;:&quot;2.8&quot;,&quot;credit&quot;:&quot;&quot;,&quot;camera&quot;:&quot;FinePix S5000&quot;,&quot;caption&quot;:&quot;&quot;,&quot;created_timestamp&quot;:&quot;1272796093&quot;,&quot;copyright&quot;:&quot;&quot;,&quot;focal_length&quot;:&quot;8.4&quot;,&quot;iso&quot;:&quot;200&quot;,&quot;shutter_speed&quot;:&quot;0.0020833333333333&quot;,&quot;title&quot;:&quot;&quot;,&quot;orientation&quot;:&quot;0&quot;}\" data-image-title=\"st_valbert_2010e\" data-image-description=\"\" data-medium-file=\"https:\/\/www.amisaintcolomban.org\/wordpress\/wp-content\/uploads\/st_valbert_2010e-201x300.jpg\" data-large-file=\"https:\/\/www.amisaintcolomban.org\/wordpress\/wp-content\/uploads\/st_valbert_2010e.jpg\" src=\"https:\/\/i0.wp.com\/www.amisaintcolomban.org\/wordpress\/wp-content\/uploads\/st_valbert_2010e.jpg?w=95&#038;h=142&#038;ssl=1\" width=\"95\" height=\"142\" data-original-width=\"95\" data-original-height=\"142\" itemprop=\"http:\/\/schema.org\/image\" title=\"st_valbert_2010e\" alt=\"Mme Odile Pouilley, maire de Saint-Valbert, fut tr\u00e8s active dans ce projet de r\u00e9tablir la f\u00eate du saint patron. C&#039;est \u00e0 elle que revenait l&#039;honneur de porter l&#039;\u00e9cuelle du Saint (conserv\u00e9e au Lieu de M\u00e9moire Gilles Cugnier)\" style=\"width: 95px; height: 142px;\" \/> <\/a> <div class=\"tiled-gallery-caption\" itemprop=\"caption description\"> Mme Odile Pouilley, maire de Saint-Valbert, fut tr\u00e8s active dans ce projet de r\u00e9tablir la f\u00eate du saint patron. C&rsquo;est \u00e0 elle que revenait l&rsquo;honneur de porter l&rsquo;\u00e9cuelle du Saint (conserv\u00e9e au Lieu de M\u00e9moire Gilles Cugnier) <\/div> <\/div> <\/div> <!-- close group --> <div class=\"gallery-group images-1\" style=\"width: 209px; height: 146px;\" data-original-width=\"209\" data-original-height=\"146\" > <div class=\"tiled-gallery-item tiled-gallery-item-small\" itemprop=\"associatedMedia\" itemscope itemtype=\"http:\/\/schema.org\/ImageObject\"> <a href=\"https:\/\/www.amisaintcolomban.org\/wordpress\/2-mai-2010-fete-a-saint-valbert\/st_valbert_2010c\/\" border=\"0\" itemprop=\"url\"> <meta itemprop=\"width\" content=\"205\"> <meta itemprop=\"height\" content=\"142\"> <img data-attachment-id=\"831\" data-orig-file=\"https:\/\/www.amisaintcolomban.org\/wordpress\/wp-content\/uploads\/st_valbert_2010c.jpg\" data-orig-size=\"2912,2024\" data-comments-opened=\"1\" data-image-meta=\"{&quot;aperture&quot;:&quot;3.3&quot;,&quot;credit&quot;:&quot;&quot;,&quot;camera&quot;:&quot;DMC-TZ5&quot;,&quot;caption&quot;:&quot;&quot;,&quot;created_timestamp&quot;:&quot;1272792665&quot;,&quot;copyright&quot;:&quot;&quot;,&quot;focal_length&quot;:&quot;4.7&quot;,&quot;iso&quot;:&quot;800&quot;,&quot;shutter_speed&quot;:&quot;0.066666666666667&quot;,&quot;title&quot;:&quot;&quot;,&quot;orientation&quot;:&quot;1&quot;}\" data-image-title=\"st_valbert_2010c\" data-image-description=\"\" data-medium-file=\"https:\/\/www.amisaintcolomban.org\/wordpress\/wp-content\/uploads\/st_valbert_2010c-300x208.jpg\" data-large-file=\"https:\/\/www.amisaintcolomban.org\/wordpress\/wp-content\/uploads\/st_valbert_2010c-1024x711.jpg\" src=\"https:\/\/i0.wp.com\/www.amisaintcolomban.org\/wordpress\/wp-content\/uploads\/st_valbert_2010c.jpg?w=205&#038;h=142&#038;ssl=1\" width=\"205\" height=\"142\" data-original-width=\"205\" data-original-height=\"142\" itemprop=\"http:\/\/schema.org\/image\" title=\"st_valbert_2010c\" alt=\"Malgr\u00e9 la pluie, les paroissiens n&#039;avaient pas h\u00e9sit\u00e9 \u00e0 venir nombreux. L&#039;exposition sur les paroisses Saint-Valbert est rest\u00e9e une semaine dans la salle polyvalente de la commune. Maintenant elle est \u00e0 la disposition des paroisses Saint-Valbert qui la demanderont.\" style=\"width: 205px; height: 142px;\" \/> <\/a> <div class=\"tiled-gallery-caption\" itemprop=\"caption description\"> Malgr\u00e9 la pluie, les paroissiens n&rsquo;avaient pas h\u00e9sit\u00e9 \u00e0 venir nombreux. L&rsquo;exposition sur les paroisses Saint-Valbert est rest\u00e9e une semaine dans la salle polyvalente de la commune. Maintenant elle est \u00e0 la disposition des paroisses Saint-Valbert qui la demanderont. <\/div> <\/div> <\/div> <!-- close group --> <div class=\"gallery-group images-1\" style=\"width: 194px; height: 146px;\" data-original-width=\"194\" data-original-height=\"146\" > <div class=\"tiled-gallery-item tiled-gallery-item-small\" itemprop=\"associatedMedia\" itemscope itemtype=\"http:\/\/schema.org\/ImageObject\"> <a href=\"https:\/\/www.amisaintcolomban.org\/wordpress\/2-mai-2010-fete-a-saint-valbert\/st_valbert_2010d\/\" border=\"0\" itemprop=\"url\"> <meta itemprop=\"width\" content=\"190\"> <meta itemprop=\"height\" content=\"142\"> <img data-attachment-id=\"832\" data-orig-file=\"https:\/\/www.amisaintcolomban.org\/wordpress\/wp-content\/uploads\/st_valbert_2010d.jpg\" data-orig-size=\"800,600\" data-comments-opened=\"1\" data-image-meta=\"{&quot;aperture&quot;:&quot;3.3&quot;,&quot;credit&quot;:&quot;&quot;,&quot;camera&quot;:&quot;DMC-TZ5&quot;,&quot;caption&quot;:&quot;&quot;,&quot;created_timestamp&quot;:&quot;1272790407&quot;,&quot;copyright&quot;:&quot;&quot;,&quot;focal_length&quot;:&quot;4.7&quot;,&quot;iso&quot;:&quot;400&quot;,&quot;shutter_speed&quot;:&quot;0.033333333333333&quot;,&quot;title&quot;:&quot;&quot;,&quot;orientation&quot;:&quot;1&quot;}\" data-image-title=\"st_valbert_2010d\" data-image-description=\"\" data-medium-file=\"https:\/\/www.amisaintcolomban.org\/wordpress\/wp-content\/uploads\/st_valbert_2010d-300x225.jpg\" data-large-file=\"https:\/\/www.amisaintcolomban.org\/wordpress\/wp-content\/uploads\/st_valbert_2010d.jpg\" src=\"https:\/\/i0.wp.com\/www.amisaintcolomban.org\/wordpress\/wp-content\/uploads\/st_valbert_2010d.jpg?w=190&#038;h=142&#038;ssl=1\" width=\"190\" height=\"142\" data-original-width=\"190\" data-original-height=\"142\" itemprop=\"http:\/\/schema.org\/image\" title=\"st_valbert_2010d\" alt=\"st_valbert_2010d\" style=\"width: 190px; height: 142px;\" \/> <\/a> <\/div> <\/div> <!-- close group --> <\/div> <!-- close row --> <\/div>\n","protected":false},"excerpt":{"rendered":"","protected":false},"author":2,"featured_media":0,"comment_status":"closed","ping_status":"open","sticky":false,"template":"","format":"standard","meta":{"jetpack_post_was_ever_published":false,"jetpack_publicize_message":"","jetpack_is_tweetstorm":false,"jetpack_publicize_feature_enabled":true,"jetpack_social_post_already_shared":true,"jetpack_social_options":{"image_generator_settings":{"template":"highway","enabled":false}}},"categories":[20],"tags":[],"jetpack_publicize_connections":[],"jetpack_featured_media_url":"","jetpack_sharing_enabled":true,"jetpack_shortlink":"https:\/\/wp.me\/p5rJPU-dn","_links":{"self":[{"href":"https:\/\/www.amisaintcolomban.org\/wordpress\/wp-json\/wp\/v2\/posts\/829"}],"collection":[{"href":"https:\/\/www.amisaintcolomban.org\/wordpress\/wp-json\/wp\/v2\/posts"}],"about":[{"href":"https:\/\/www.amisaintcolomban.org\/wordpress\/wp-json\/wp\/v2\/types\/post"}],"author":[{"embeddable":true,"href":"https:\/\/www.amisaintcolomban.org\/wordpress\/wp-json\/wp\/v2\/users\/2"}],"replies":[{"embeddable":true,"href":"https:\/\/www.amisaintcolomban.org\/wordpress\/wp-json\/wp\/v2\/comments?post=829"}],"version-history":[{"count":1,"href":"https:\/\/www.amisaintcolomban.org\/wordpress\/wp-json\/wp\/v2\/posts\/829\/revisions"}],"predecessor-version":[{"id":834,"href":"https:\/\/www.amisaintcolomban.org\/wordpress\/wp-json\/wp\/v2\/posts\/829\/revisions\/834"}],"wp:attachment":[{"href":"https:\/\/www.amisaintcolomban.org\/wordpress\/wp-json\/wp\/v2\/media?parent=829"}],"wp:term":[{"taxonomy":"category","embeddable":true,"href":"https:\/\/www.amisaintcolomban.org\/wordpress\/wp-json\/wp\/v2\/categories?post=829"},{"taxonomy":"post_tag","embeddable":true,"href":"https:\/\/www.amisaintcolomban.org\/wordpress\/wp-json\/wp\/v2\/tags?post=829"}],"curies":[{"name":"wp","href":"https:\/\/api.w.org\/{rel}","templated":true}]}}