{"id":837,"date":"2015-01-19T18:57:52","date_gmt":"2015-01-19T17:57:52","guid":{"rendered":"http:\/\/www.amisaintcolomban.org\/wordpress\/?p=837"},"modified":"2015-02-04T08:45:41","modified_gmt":"2015-02-04T07:45:41","slug":"8-mai-2010-journee-don-de-soi-a-la-grotte-de-sainte-marie","status":"publish","type":"post","link":"https:\/\/www.amisaintcolomban.org\/wordpress\/8-mai-2010-journee-don-de-soi-a-la-grotte-de-sainte-marie\/","title":{"rendered":"8 mai 2010&#160;: journ\u00e9e \u00ab\u00a0don de soi\u00a0\u00bb \u00e0 la grotte de Sainte-Marie"},"content":{"rendered":"<div class=\"tiled-gallery type-rectangular tiled-gallery-unresized\" data-original-width=\"700\" data-carousel-extra='{&quot;blog_id&quot;:1,&quot;permalink&quot;:&quot;https:\\\/\\\/www.amisaintcolomban.org\\\/wordpress\\\/8-mai-2010-journee-don-de-soi-a-la-grotte-de-sainte-marie\\\/&quot;,&quot;likes_blog_id&quot;:80492734}' itemscope itemtype=\"http:\/\/schema.org\/ImageGallery\" > <div class=\"gallery-row\" style=\"width: 700px; height: 349px;\" data-original-width=\"700\" data-original-height=\"349\" > <div class=\"gallery-group images-1\" style=\"width: 464px; height: 349px;\" data-original-width=\"464\" data-original-height=\"349\" > <div class=\"tiled-gallery-item tiled-gallery-item-large\" itemprop=\"associatedMedia\" itemscope itemtype=\"http:\/\/schema.org\/ImageObject\"> <a href=\"https:\/\/www.amisaintcolomban.org\/wordpress\/8-mai-2010-journee-don-de-soi-a-la-grotte-de-sainte-marie\/8_mai_ste_marie_lions_002a\/\" border=\"0\" itemprop=\"url\"> <meta itemprop=\"width\" content=\"460\"> <meta itemprop=\"height\" content=\"345\"> <img data-attachment-id=\"838\" data-orig-file=\"https:\/\/www.amisaintcolomban.org\/wordpress\/wp-content\/uploads\/8_mai_ste_marie_lions_002a.jpg\" data-orig-size=\"3456,2592\" data-comments-opened=\"1\" data-image-meta=\"{&quot;aperture&quot;:&quot;4.3&quot;,&quot;credit&quot;:&quot;&quot;,&quot;camera&quot;:&quot;DMC-TZ5&quot;,&quot;caption&quot;:&quot;&quot;,&quot;created_timestamp&quot;:&quot;1273313470&quot;,&quot;copyright&quot;:&quot;&quot;,&quot;focal_length&quot;:&quot;9.3&quot;,&quot;iso&quot;:&quot;100&quot;,&quot;shutter_speed&quot;:&quot;0.0025&quot;,&quot;title&quot;:&quot;&quot;,&quot;orientation&quot;:&quot;1&quot;}\" data-image-title=\"8_mai_ste_marie_lions_002a\" data-image-description=\"\" data-medium-file=\"https:\/\/www.amisaintcolomban.org\/wordpress\/wp-content\/uploads\/8_mai_ste_marie_lions_002a-300x225.jpg\" data-large-file=\"https:\/\/www.amisaintcolomban.org\/wordpress\/wp-content\/uploads\/8_mai_ste_marie_lions_002a-1024x768.jpg\" src=\"https:\/\/i0.wp.com\/www.amisaintcolomban.org\/wordpress\/wp-content\/uploads\/8_mai_ste_marie_lions_002a.jpg?w=460&#038;h=345&#038;ssl=1\" width=\"460\" height=\"345\" data-original-width=\"460\" data-original-height=\"345\" itemprop=\"http:\/\/schema.org\/image\" title=\"8_mai_ste_marie_lions_002a\" alt=\"Tout le monde participe au d\u00e9broussaillage\" style=\"width: 460px; height: 345px;\" \/> <\/a> <div class=\"tiled-gallery-caption\" itemprop=\"caption description\"> Tout le monde participe au d\u00e9broussaillage <\/div> <\/div> <\/div> <!-- close group --> <div class=\"gallery-group images-2\" style=\"width: 236px; height: 349px;\" data-original-width=\"236\" data-original-height=\"349\" > <div class=\"tiled-gallery-item tiled-gallery-item-small\" itemprop=\"associatedMedia\" itemscope itemtype=\"http:\/\/schema.org\/ImageObject\"> <a href=\"https:\/\/www.amisaintcolomban.org\/wordpress\/8-mai-2010-journee-don-de-soi-a-la-grotte-de-sainte-marie\/8_mai_ste_marie_lions_008b\/\" border=\"0\" itemprop=\"url\"> <meta itemprop=\"width\" content=\"232\"> <meta itemprop=\"height\" content=\"174\"> <img data-attachment-id=\"839\" data-orig-file=\"https:\/\/www.amisaintcolomban.org\/wordpress\/wp-content\/uploads\/8_mai_ste_marie_lions_008b.jpg\" data-orig-size=\"3456,2592\" data-comments-opened=\"1\" data-image-meta=\"{&quot;aperture&quot;:&quot;3.5&quot;,&quot;credit&quot;:&quot;&quot;,&quot;camera&quot;:&quot;DMC-TZ5&quot;,&quot;caption&quot;:&quot;&quot;,&quot;created_timestamp&quot;:&quot;1273313529&quot;,&quot;copyright&quot;:&quot;&quot;,&quot;focal_length&quot;:&quot;5.3&quot;,&quot;iso&quot;:&quot;100&quot;,&quot;shutter_speed&quot;:&quot;0.0025&quot;,&quot;title&quot;:&quot;&quot;,&quot;orientation&quot;:&quot;1&quot;}\" data-image-title=\"8_mai_ste_marie_lions_008b\" data-image-description=\"\" data-medium-file=\"https:\/\/www.amisaintcolomban.org\/wordpress\/wp-content\/uploads\/8_mai_ste_marie_lions_008b-300x225.jpg\" data-large-file=\"https:\/\/www.amisaintcolomban.org\/wordpress\/wp-content\/uploads\/8_mai_ste_marie_lions_008b-1024x768.jpg\" src=\"https:\/\/i0.wp.com\/www.amisaintcolomban.org\/wordpress\/wp-content\/uploads\/8_mai_ste_marie_lions_008b.jpg?w=232&#038;h=174&#038;ssl=1\" width=\"232\" height=\"174\" data-original-width=\"232\" data-original-height=\"174\" itemprop=\"http:\/\/schema.org\/image\" title=\"8_mai_ste_marie_lions_008b\" alt=\"Pas de fum\u00e9e sans feu...\" style=\"width: 232px; height: 174px;\" \/> <\/a> <div class=\"tiled-gallery-caption\" itemprop=\"caption description\"> Pas de fum\u00e9e sans feu&#8230; <\/div> <\/div> <div class=\"tiled-gallery-item tiled-gallery-item-small\" itemprop=\"associatedMedia\" itemscope itemtype=\"http:\/\/schema.org\/ImageObject\"> <a href=\"https:\/\/www.amisaintcolomban.org\/wordpress\/8-mai-2010-journee-don-de-soi-a-la-grotte-de-sainte-marie\/8_mai_ste_marie_lions_015a\/\" border=\"0\" itemprop=\"url\"> <meta itemprop=\"width\" content=\"232\"> <meta itemprop=\"height\" content=\"167\"> <img data-attachment-id=\"840\" data-orig-file=\"https:\/\/www.amisaintcolomban.org\/wordpress\/wp-content\/uploads\/8_mai_ste_marie_lions_015a.jpg\" data-orig-size=\"2252,1612\" data-comments-opened=\"1\" data-image-meta=\"{&quot;aperture&quot;:&quot;3.7&quot;,&quot;credit&quot;:&quot;&quot;,&quot;camera&quot;:&quot;DMC-TZ5&quot;,&quot;caption&quot;:&quot;&quot;,&quot;created_timestamp&quot;:&quot;1273313598&quot;,&quot;copyright&quot;:&quot;&quot;,&quot;focal_length&quot;:&quot;6&quot;,&quot;iso&quot;:&quot;160&quot;,&quot;shutter_speed&quot;:&quot;0.00125&quot;,&quot;title&quot;:&quot;&quot;,&quot;orientation&quot;:&quot;1&quot;}\" data-image-title=\"8_mai_ste_marie_lions_015a\" data-image-description=\"\" data-medium-file=\"https:\/\/www.amisaintcolomban.org\/wordpress\/wp-content\/uploads\/8_mai_ste_marie_lions_015a-300x214.jpg\" data-large-file=\"https:\/\/www.amisaintcolomban.org\/wordpress\/wp-content\/uploads\/8_mai_ste_marie_lions_015a-1024x732.jpg\" src=\"https:\/\/i0.wp.com\/www.amisaintcolomban.org\/wordpress\/wp-content\/uploads\/8_mai_ste_marie_lions_015a.jpg?w=232&#038;h=167&#038;ssl=1\" width=\"232\" height=\"167\" data-original-width=\"232\" data-original-height=\"167\" itemprop=\"http:\/\/schema.org\/image\" title=\"8_mai_ste_marie_lions_015a\" alt=\"une \u00e9quipe avait pour mission de repeindre la table de pique-nique du site\" style=\"width: 232px; height: 167px;\" \/> <\/a> <div class=\"tiled-gallery-caption\" itemprop=\"caption description\"> une \u00e9quipe avait pour mission de repeindre la table de pique-nique du site <\/div> <\/div> <\/div> <!-- close group --> <\/div> <!-- close row --> <div class=\"gallery-row\" style=\"width: 700px; height: 264px;\" data-original-width=\"700\" data-original-height=\"264\" > <div class=\"gallery-group images-1\" style=\"width: 350px; height: 264px;\" data-original-width=\"350\" data-original-height=\"264\" > <div class=\"tiled-gallery-item tiled-gallery-item-large\" itemprop=\"associatedMedia\" itemscope itemtype=\"http:\/\/schema.org\/ImageObject\"> <a href=\"https:\/\/www.amisaintcolomban.org\/wordpress\/8-mai-2010-journee-don-de-soi-a-la-grotte-de-sainte-marie\/8_mai_ste_marie_lions_038b\/\" border=\"0\" itemprop=\"url\"> <meta itemprop=\"width\" content=\"346\"> <meta itemprop=\"height\" content=\"260\"> <img data-attachment-id=\"842\" data-orig-file=\"https:\/\/www.amisaintcolomban.org\/wordpress\/wp-content\/uploads\/8_mai_ste_marie_lions_038b.jpg\" data-orig-size=\"3456,2592\" data-comments-opened=\"1\" data-image-meta=\"{&quot;aperture&quot;:&quot;3.3&quot;,&quot;credit&quot;:&quot;&quot;,&quot;camera&quot;:&quot;DMC-TZ5&quot;,&quot;caption&quot;:&quot;&quot;,&quot;created_timestamp&quot;:&quot;1273320542&quot;,&quot;copyright&quot;:&quot;&quot;,&quot;focal_length&quot;:&quot;4.7&quot;,&quot;iso&quot;:&quot;100&quot;,&quot;shutter_speed&quot;:&quot;0.001&quot;,&quot;title&quot;:&quot;&quot;,&quot;orientation&quot;:&quot;1&quot;}\" data-image-title=\"8_mai_ste_marie_lions_038b\" data-image-description=\"\" data-medium-file=\"https:\/\/www.amisaintcolomban.org\/wordpress\/wp-content\/uploads\/8_mai_ste_marie_lions_038b-300x225.jpg\" data-large-file=\"https:\/\/www.amisaintcolomban.org\/wordpress\/wp-content\/uploads\/8_mai_ste_marie_lions_038b-1024x768.jpg\" src=\"https:\/\/i0.wp.com\/www.amisaintcolomban.org\/wordpress\/wp-content\/uploads\/8_mai_ste_marie_lions_038b.jpg?w=346&#038;h=260&#038;ssl=1\" width=\"346\" height=\"260\" data-original-width=\"346\" data-original-height=\"260\" itemprop=\"http:\/\/schema.org\/image\" title=\"8_mai_ste_marie_lions_038b\" alt=\"Un repas offert par le Lions Club cl\u00f4tura cette belle journ\u00e9e.\" style=\"width: 346px; height: 260px;\" \/> <\/a> <div class=\"tiled-gallery-caption\" itemprop=\"caption description\"> Un repas offert par le Lions Club cl\u00f4tura cette belle journ\u00e9e. <\/div> <\/div> <\/div> <!-- close group --> <div class=\"gallery-group images-1\" style=\"width: 350px; height: 264px;\" data-original-width=\"350\" data-original-height=\"264\" > <div class=\"tiled-gallery-item tiled-gallery-item-large\" itemprop=\"associatedMedia\" itemscope itemtype=\"http:\/\/schema.org\/ImageObject\"> <a href=\"https:\/\/www.amisaintcolomban.org\/wordpress\/8-mai-2010-journee-don-de-soi-a-la-grotte-de-sainte-marie\/8_mai_ste_marie_lions_036b\/\" border=\"0\" itemprop=\"url\"> <meta itemprop=\"width\" content=\"346\"> <meta itemprop=\"height\" content=\"260\"> <img data-attachment-id=\"841\" data-orig-file=\"https:\/\/www.amisaintcolomban.org\/wordpress\/wp-content\/uploads\/8_mai_ste_marie_lions_036b.jpg\" data-orig-size=\"3456,2592\" data-comments-opened=\"1\" data-image-meta=\"{&quot;aperture&quot;:&quot;4.8&quot;,&quot;credit&quot;:&quot;&quot;,&quot;camera&quot;:&quot;DMC-TZ5&quot;,&quot;caption&quot;:&quot;&quot;,&quot;created_timestamp&quot;:&quot;1273318046&quot;,&quot;copyright&quot;:&quot;&quot;,&quot;focal_length&quot;:&quot;24.1&quot;,&quot;iso&quot;:&quot;100&quot;,&quot;shutter_speed&quot;:&quot;0.003125&quot;,&quot;title&quot;:&quot;&quot;,&quot;orientation&quot;:&quot;1&quot;}\" data-image-title=\"8_mai_ste_marie_lions_036b\" data-image-description=\"\" data-medium-file=\"https:\/\/www.amisaintcolomban.org\/wordpress\/wp-content\/uploads\/8_mai_ste_marie_lions_036b-300x225.jpg\" data-large-file=\"https:\/\/www.amisaintcolomban.org\/wordpress\/wp-content\/uploads\/8_mai_ste_marie_lions_036b-1024x768.jpg\" src=\"https:\/\/i0.wp.com\/www.amisaintcolomban.org\/wordpress\/wp-content\/uploads\/8_mai_ste_marie_lions_036b.jpg?w=346&#038;h=260&#038;ssl=1\" width=\"346\" height=\"260\" data-original-width=\"346\" data-original-height=\"260\" itemprop=\"http:\/\/schema.org\/image\" title=\"8_mai_ste_marie_lions_036b\" alt=\"Depuis le printemps 2010 Roger Dirand a trouv\u00e9 un \u00e9leveur de chevaux qui a bien voulu mettre en parc deux superbes chevaux de trait. Une excellente initiative qui fera \u00e9conomiser les frais de fauchage sur cette partie du terrain.\" style=\"width: 346px; height: 260px;\" \/> <\/a> <div class=\"tiled-gallery-caption\" itemprop=\"caption description\"> Depuis le printemps 2010 Roger Dirand a trouv\u00e9 un \u00e9leveur de chevaux qui a bien voulu mettre en parc deux superbes chevaux de trait. Une excellente initiative qui fera \u00e9conomiser les frais de fauchage sur cette partie du terrain. <\/div> <\/div> <\/div> <!-- close group --> <\/div> <!-- close row --> <\/div>\n","protected":false},"excerpt":{"rendered":"","protected":false},"author":2,"featured_media":0,"comment_status":"closed","ping_status":"open","sticky":false,"template":"","format":"standard","meta":{"jetpack_post_was_ever_published":false,"jetpack_publicize_message":"","jetpack_is_tweetstorm":false,"jetpack_publicize_feature_enabled":true,"jetpack_social_post_already_shared":true,"jetpack_social_options":{"image_generator_settings":{"template":"highway","enabled":false}}},"categories":[20],"tags":[],"jetpack_publicize_connections":[],"jetpack_featured_media_url":"","jetpack_sharing_enabled":true,"jetpack_shortlink":"https:\/\/wp.me\/p5rJPU-dv","_links":{"self":[{"href":"https:\/\/www.amisaintcolomban.org\/wordpress\/wp-json\/wp\/v2\/posts\/837"}],"collection":[{"href":"https:\/\/www.amisaintcolomban.org\/wordpress\/wp-json\/wp\/v2\/posts"}],"about":[{"href":"https:\/\/www.amisaintcolomban.org\/wordpress\/wp-json\/wp\/v2\/types\/post"}],"author":[{"embeddable":true,"href":"https:\/\/www.amisaintcolomban.org\/wordpress\/wp-json\/wp\/v2\/users\/2"}],"replies":[{"embeddable":true,"href":"https:\/\/www.amisaintcolomban.org\/wordpress\/wp-json\/wp\/v2\/comments?post=837"}],"version-history":[{"count":1,"href":"https:\/\/www.amisaintcolomban.org\/wordpress\/wp-json\/wp\/v2\/posts\/837\/revisions"}],"predecessor-version":[{"id":843,"href":"https:\/\/www.amisaintcolomban.org\/wordpress\/wp-json\/wp\/v2\/posts\/837\/revisions\/843"}],"wp:attachment":[{"href":"https:\/\/www.amisaintcolomban.org\/wordpress\/wp-json\/wp\/v2\/media?parent=837"}],"wp:term":[{"taxonomy":"category","embeddable":true,"href":"https:\/\/www.amisaintcolomban.org\/wordpress\/wp-json\/wp\/v2\/categories?post=837"},{"taxonomy":"post_tag","embeddable":true,"href":"https:\/\/www.amisaintcolomban.org\/wordpress\/wp-json\/wp\/v2\/tags?post=837"}],"curies":[{"name":"wp","href":"https:\/\/api.w.org\/{rel}","templated":true}]}}