{"id":846,"date":"2015-01-19T19:15:47","date_gmt":"2015-01-19T18:15:47","guid":{"rendered":"http:\/\/www.amisaintcolomban.org\/wordpress\/?p=846"},"modified":"2015-02-04T08:45:40","modified_gmt":"2015-02-04T07:45:40","slug":"26-27-juin-2010-fete-de-saint-colomban-a-bangor","status":"publish","type":"post","link":"https:\/\/www.amisaintcolomban.org\/wordpress\/26-27-juin-2010-fete-de-saint-colomban-a-bangor\/","title":{"rendered":"26-27 juin 2010&#160;: F\u00eate de Saint Colomban \u00e0 Bangor"},"content":{"rendered":"<h3>Le Samedi&#160;: Bangor<\/h3>\n<div class=\"tiled-gallery type-rectangular tiled-gallery-unresized\" data-original-width=\"700\" data-carousel-extra='{&quot;blog_id&quot;:1,&quot;permalink&quot;:&quot;https:\\\/\\\/www.amisaintcolomban.org\\\/wordpress\\\/26-27-juin-2010-fete-de-saint-colomban-a-bangor\\\/&quot;,&quot;likes_blog_id&quot;:80492734}' itemscope itemtype=\"http:\/\/schema.org\/ImageGallery\" > <div class=\"gallery-row\" style=\"width: 700px; height: 365px;\" data-original-width=\"700\" data-original-height=\"365\" > <div class=\"gallery-group images-1\" style=\"width: 485px; height: 365px;\" data-original-width=\"485\" data-original-height=\"365\" > <div class=\"tiled-gallery-item tiled-gallery-item-large\" itemprop=\"associatedMedia\" itemscope itemtype=\"http:\/\/schema.org\/ImageObject\"> <a href=\"https:\/\/www.amisaintcolomban.org\/wordpress\/26-27-juin-2010-fete-de-saint-colomban-a-bangor\/festival_colomban_2010_bangora_12\/\" border=\"0\" itemprop=\"url\"> <meta itemprop=\"width\" content=\"481\"> <meta itemprop=\"height\" content=\"361\"> <img data-attachment-id=\"852\" data-orig-file=\"https:\/\/www.amisaintcolomban.org\/wordpress\/wp-content\/uploads\/Festival_colomban_2010_Bangora_12.jpg\" data-orig-size=\"3456,2592\" data-comments-opened=\"1\" data-image-meta=\"{&quot;aperture&quot;:&quot;8&quot;,&quot;credit&quot;:&quot;&quot;,&quot;camera&quot;:&quot;DMC-TZ5&quot;,&quot;caption&quot;:&quot;&quot;,&quot;created_timestamp&quot;:&quot;1277550258&quot;,&quot;copyright&quot;:&quot;&quot;,&quot;focal_length&quot;:&quot;4.7&quot;,&quot;iso&quot;:&quot;100&quot;,&quot;shutter_speed&quot;:&quot;0.003125&quot;,&quot;title&quot;:&quot;&quot;,&quot;orientation&quot;:&quot;1&quot;}\" data-image-title=\"Festival_colomban_2010_Bangora_(12)\" data-image-description=\"\" data-medium-file=\"https:\/\/www.amisaintcolomban.org\/wordpress\/wp-content\/uploads\/Festival_colomban_2010_Bangora_12-300x225.jpg\" data-large-file=\"https:\/\/www.amisaintcolomban.org\/wordpress\/wp-content\/uploads\/Festival_colomban_2010_Bangora_12-1024x768.jpg\" src=\"https:\/\/i0.wp.com\/www.amisaintcolomban.org\/wordpress\/wp-content\/uploads\/Festival_colomban_2010_Bangora_12.jpg?w=481&#038;h=361&#038;ssl=1\" width=\"481\" height=\"361\" data-original-width=\"481\" data-original-height=\"361\" itemprop=\"http:\/\/schema.org\/image\" title=\"Festival_colomban_2010_Bangora_(12)\" alt=\"L&#039;\u00e9glise catholique Saint Comgall, fondateur du monast\u00e8re de Bangor, avait rassembl\u00e9 tous les colombaniens venus des diff\u00e9rents pays europ\u00e9ens\" style=\"width: 481px; height: 361px;\" \/> <\/a> <div class=\"tiled-gallery-caption\" itemprop=\"caption description\"> L&rsquo;\u00e9glise catholique Saint Comgall, fondateur du monast\u00e8re de Bangor, avait rassembl\u00e9 tous les colombaniens venus des diff\u00e9rents pays europ\u00e9ens <\/div> <\/div> <\/div> <!-- close group --> <div class=\"gallery-group images-2\" style=\"width: 215px; height: 365px;\" data-original-width=\"215\" data-original-height=\"365\" > <div class=\"tiled-gallery-item tiled-gallery-item-small\" itemprop=\"associatedMedia\" itemscope itemtype=\"http:\/\/schema.org\/ImageObject\"> <a href=\"https:\/\/www.amisaintcolomban.org\/wordpress\/26-27-juin-2010-fete-de-saint-colomban-a-bangor\/festival_colomban_2010_bangor_a3\/\" border=\"0\" itemprop=\"url\"> <meta itemprop=\"width\" content=\"211\"> <meta itemprop=\"height\" content=\"159\"> <img data-attachment-id=\"847\" data-orig-file=\"https:\/\/www.amisaintcolomban.org\/wordpress\/wp-content\/uploads\/Festival_colomban_2010_Bangor_a3.jpg\" data-orig-size=\"3456,2592\" data-comments-opened=\"1\" data-image-meta=\"{&quot;aperture&quot;:&quot;3.3&quot;,&quot;credit&quot;:&quot;&quot;,&quot;camera&quot;:&quot;DMC-TZ5&quot;,&quot;caption&quot;:&quot;&quot;,&quot;created_timestamp&quot;:&quot;1277545185&quot;,&quot;copyright&quot;:&quot;&quot;,&quot;focal_length&quot;:&quot;4.7&quot;,&quot;iso&quot;:&quot;400&quot;,&quot;shutter_speed&quot;:&quot;0.04&quot;,&quot;title&quot;:&quot;&quot;,&quot;orientation&quot;:&quot;1&quot;}\" data-image-title=\"Festival_colomban_2010_Bangor_a(3)\" data-image-description=\"\" data-medium-file=\"https:\/\/www.amisaintcolomban.org\/wordpress\/wp-content\/uploads\/Festival_colomban_2010_Bangor_a3-300x225.jpg\" data-large-file=\"https:\/\/www.amisaintcolomban.org\/wordpress\/wp-content\/uploads\/Festival_colomban_2010_Bangor_a3-1024x768.jpg\" src=\"https:\/\/i0.wp.com\/www.amisaintcolomban.org\/wordpress\/wp-content\/uploads\/Festival_colomban_2010_Bangor_a3.jpg?w=211&#038;h=159&#038;ssl=1\" width=\"211\" height=\"159\" data-original-width=\"211\" data-original-height=\"159\" itemprop=\"http:\/\/schema.org\/image\" title=\"Festival_colomban_2010_Bangor_a(3)\" alt=\"\u00c0 l&#039;int\u00e9rieur\" style=\"width: 211px; height: 159px;\" \/> <\/a> <div class=\"tiled-gallery-caption\" itemprop=\"caption description\"> \u00c0 l&rsquo;int\u00e9rieur <\/div> <\/div> <div class=\"tiled-gallery-item tiled-gallery-item-small\" itemprop=\"associatedMedia\" itemscope itemtype=\"http:\/\/schema.org\/ImageObject\"> <a href=\"https:\/\/www.amisaintcolomban.org\/wordpress\/26-27-juin-2010-fete-de-saint-colomban-a-bangor\/festival_colomban_2010_bangor_a13\/\" border=\"0\" itemprop=\"url\"> <meta itemprop=\"width\" content=\"211\"> <meta itemprop=\"height\" content=\"198\"> <img data-attachment-id=\"848\" data-orig-file=\"https:\/\/www.amisaintcolomban.org\/wordpress\/wp-content\/uploads\/Festival_colomban_2010_Bangor_a13.jpg\" data-orig-size=\"2328,2184\" data-comments-opened=\"1\" data-image-meta=\"{&quot;aperture&quot;:&quot;3.3&quot;,&quot;credit&quot;:&quot;&quot;,&quot;camera&quot;:&quot;DMC-TZ5&quot;,&quot;caption&quot;:&quot;&quot;,&quot;created_timestamp&quot;:&quot;1277551638&quot;,&quot;copyright&quot;:&quot;&quot;,&quot;focal_length&quot;:&quot;4.7&quot;,&quot;iso&quot;:&quot;160&quot;,&quot;shutter_speed&quot;:&quot;0.00076923076923077&quot;,&quot;title&quot;:&quot;&quot;,&quot;orientation&quot;:&quot;1&quot;}\" data-image-title=\"Festival_colomban_2010_Bangor_a(13)\" data-image-description=\"\" data-medium-file=\"https:\/\/www.amisaintcolomban.org\/wordpress\/wp-content\/uploads\/Festival_colomban_2010_Bangor_a13-300x281.jpg\" data-large-file=\"https:\/\/www.amisaintcolomban.org\/wordpress\/wp-content\/uploads\/Festival_colomban_2010_Bangor_a13-1024x960.jpg\" src=\"https:\/\/i0.wp.com\/www.amisaintcolomban.org\/wordpress\/wp-content\/uploads\/Festival_colomban_2010_Bangor_a13.jpg?w=211&#038;h=198&#038;ssl=1\" width=\"211\" height=\"198\" data-original-width=\"211\" data-original-height=\"198\" itemprop=\"http:\/\/schema.org\/image\" title=\"Festival_colomban_2010_Bangor_a(13)\" alt=\"Devant l&#039;\u00e9glise anglicane de Bangor, construite sur l&#039;entr\u00e9e du monast\u00e8re aujourd&#039;hui disparu, les autorit\u00e9s civiles et religieuses d&#039;Irlande attendent l&#039;arriv\u00e9e de Madame la Pr\u00e9sidente de la R\u00e9publique d&#039;Irland\" style=\"width: 211px; height: 198px;\" \/> <\/a> <div class=\"tiled-gallery-caption\" itemprop=\"caption description\"> Devant l&rsquo;\u00e9glise anglicane de Bangor, construite sur l&rsquo;entr\u00e9e du monast\u00e8re aujourd&rsquo;hui disparu, les autorit\u00e9s civiles et religieuses d&rsquo;Irlande attendent l&rsquo;arriv\u00e9e de Madame la Pr\u00e9sidente de la R\u00e9publique d&rsquo;Irland <\/div> <\/div> <\/div> <!-- close group --> <\/div> <!-- close row --> <div class=\"gallery-row\" style=\"width: 700px; height: 140px;\" data-original-width=\"700\" data-original-height=\"140\" > <div class=\"gallery-group images-1\" style=\"width: 263px; height: 140px;\" data-original-width=\"263\" data-original-height=\"140\" > <div class=\"tiled-gallery-item tiled-gallery-item-large\" itemprop=\"associatedMedia\" itemscope itemtype=\"http:\/\/schema.org\/ImageObject\"> <a href=\"https:\/\/www.amisaintcolomban.org\/wordpress\/26-27-juin-2010-fete-de-saint-colomban-a-bangor\/festival_colomban_2010_bangor_z17\/\" border=\"0\" itemprop=\"url\"> <meta itemprop=\"width\" content=\"259\"> <meta itemprop=\"height\" content=\"136\"> <img data-attachment-id=\"853\" data-orig-file=\"https:\/\/www.amisaintcolomban.org\/wordpress\/wp-content\/uploads\/Festival_colomban_2010_Bangor_z17.jpg\" data-orig-size=\"2832,1484\" data-comments-opened=\"1\" data-image-meta=\"{&quot;aperture&quot;:&quot;3.3&quot;,&quot;credit&quot;:&quot;&quot;,&quot;camera&quot;:&quot;DMC-TZ5&quot;,&quot;caption&quot;:&quot;&quot;,&quot;created_timestamp&quot;:&quot;1277551695&quot;,&quot;copyright&quot;:&quot;&quot;,&quot;focal_length&quot;:&quot;4.7&quot;,&quot;iso&quot;:&quot;100&quot;,&quot;shutter_speed&quot;:&quot;0.004&quot;,&quot;title&quot;:&quot;&quot;,&quot;orientation&quot;:&quot;1&quot;}\" data-image-title=\"Festival_colomban_2010_Bangor_z(17)\" data-image-description=\"\" data-medium-file=\"https:\/\/www.amisaintcolomban.org\/wordpress\/wp-content\/uploads\/Festival_colomban_2010_Bangor_z17-300x157.jpg\" data-large-file=\"https:\/\/www.amisaintcolomban.org\/wordpress\/wp-content\/uploads\/Festival_colomban_2010_Bangor_z17-1024x536.jpg\" src=\"https:\/\/i0.wp.com\/www.amisaintcolomban.org\/wordpress\/wp-content\/uploads\/Festival_colomban_2010_Bangor_z17.jpg?w=259&#038;h=136&#038;ssl=1\" width=\"259\" height=\"136\" data-original-width=\"259\" data-original-height=\"136\" itemprop=\"http:\/\/schema.org\/image\" title=\"Festival_colomban_2010_Bangor_z(17)\" alt=\"Devant l&#039;\u00e9glise, la plaque du Chemin de saint Colomban\" style=\"width: 259px; height: 136px;\" \/> <\/a> <div class=\"tiled-gallery-caption\" itemprop=\"caption description\"> Devant l&rsquo;\u00e9glise, la plaque du Chemin de saint Colomban <\/div> <\/div> <\/div> <!-- close group --> <div class=\"gallery-group images-1\" style=\"width: 106px; height: 140px;\" data-original-width=\"106\" data-original-height=\"140\" > <div class=\"tiled-gallery-item tiled-gallery-item-small\" itemprop=\"associatedMedia\" itemscope itemtype=\"http:\/\/schema.org\/ImageObject\"> <a href=\"https:\/\/www.amisaintcolomban.org\/wordpress\/26-27-juin-2010-fete-de-saint-colomban-a-bangor\/festival_colomban_2010_bangor_a23\/\" border=\"0\" itemprop=\"url\"> <meta itemprop=\"width\" content=\"102\"> <meta itemprop=\"height\" content=\"136\"> <img data-attachment-id=\"849\" data-orig-file=\"https:\/\/www.amisaintcolomban.org\/wordpress\/wp-content\/uploads\/Festival_colomban_2010_Bangor_a23.jpg\" data-orig-size=\"2592,3456\" data-comments-opened=\"1\" data-image-meta=\"{&quot;aperture&quot;:&quot;4.2&quot;,&quot;credit&quot;:&quot;&quot;,&quot;camera&quot;:&quot;DMC-TZ5&quot;,&quot;caption&quot;:&quot;&quot;,&quot;created_timestamp&quot;:&quot;1277552169&quot;,&quot;copyright&quot;:&quot;&quot;,&quot;focal_length&quot;:&quot;8&quot;,&quot;iso&quot;:&quot;200&quot;,&quot;shutter_speed&quot;:&quot;0.004&quot;,&quot;title&quot;:&quot;&quot;,&quot;orientation&quot;:&quot;1&quot;}\" data-image-title=\"Festival_colomban_2010_Bangor_a(23)\" data-image-description=\"\" data-medium-file=\"https:\/\/www.amisaintcolomban.org\/wordpress\/wp-content\/uploads\/Festival_colomban_2010_Bangor_a23-225x300.jpg\" data-large-file=\"https:\/\/www.amisaintcolomban.org\/wordpress\/wp-content\/uploads\/Festival_colomban_2010_Bangor_a23-768x1024.jpg\" src=\"https:\/\/i0.wp.com\/www.amisaintcolomban.org\/wordpress\/wp-content\/uploads\/Festival_colomban_2010_Bangor_a23.jpg?w=102&#038;h=136&#038;ssl=1\" width=\"102\" height=\"136\" data-original-width=\"102\" data-original-height=\"136\" itemprop=\"http:\/\/schema.org\/image\" title=\"Festival_colomban_2010_Bangor_a(23)\" alt=\"Allocution de Mme Mary McAleese, pr\u00e9sidente de la r\u00e9publique d&#039;Irlande\" style=\"width: 102px; height: 136px;\" \/> <\/a> <div class=\"tiled-gallery-caption\" itemprop=\"caption description\"> Allocution de Mme Mary McAleese, pr\u00e9sidente de la r\u00e9publique d&rsquo;Irlande <\/div> <\/div> <\/div> <!-- close group --> <div class=\"gallery-group images-1\" style=\"width: 146px; height: 140px;\" data-original-width=\"146\" data-original-height=\"140\" > <div class=\"tiled-gallery-item tiled-gallery-item-small\" itemprop=\"associatedMedia\" itemscope itemtype=\"http:\/\/schema.org\/ImageObject\"> <a href=\"https:\/\/www.amisaintcolomban.org\/wordpress\/26-27-juin-2010-fete-de-saint-colomban-a-bangor\/festival_colomban_2010_bangor_a46\/\" border=\"0\" itemprop=\"url\"> <meta itemprop=\"width\" content=\"142\"> <meta itemprop=\"height\" content=\"136\"> <img data-attachment-id=\"851\" data-orig-file=\"https:\/\/www.amisaintcolomban.org\/wordpress\/wp-content\/uploads\/Festival_colomban_2010_Bangor_a46.jpg\" data-orig-size=\"2024,1928\" data-comments-opened=\"1\" data-image-meta=\"{&quot;aperture&quot;:&quot;4.2&quot;,&quot;credit&quot;:&quot;&quot;,&quot;camera&quot;:&quot;DMC-TZ5&quot;,&quot;caption&quot;:&quot;&quot;,&quot;created_timestamp&quot;:&quot;1277558089&quot;,&quot;copyright&quot;:&quot;&quot;,&quot;focal_length&quot;:&quot;8.5&quot;,&quot;iso&quot;:&quot;500&quot;,&quot;shutter_speed&quot;:&quot;0.033333333333333&quot;,&quot;title&quot;:&quot;&quot;,&quot;orientation&quot;:&quot;1&quot;}\" data-image-title=\"Festival_colomban_2010_Bangor_a(46)\" data-image-description=\"\" data-medium-file=\"https:\/\/www.amisaintcolomban.org\/wordpress\/wp-content\/uploads\/Festival_colomban_2010_Bangor_a46-300x285.jpg\" data-large-file=\"https:\/\/www.amisaintcolomban.org\/wordpress\/wp-content\/uploads\/Festival_colomban_2010_Bangor_a46-1024x975.jpg\" src=\"https:\/\/i0.wp.com\/www.amisaintcolomban.org\/wordpress\/wp-content\/uploads\/Festival_colomban_2010_Bangor_a46.jpg?w=142&#038;h=136&#038;ssl=1\" width=\"142\" height=\"136\" data-original-width=\"142\" data-original-height=\"136\" itemprop=\"http:\/\/schema.org\/image\" title=\"Festival_colomban_2010_Bangor_a(46)\" alt=\"Mme McAleese souligna le r\u00f4le f\u00e9d\u00e9rateur de saint Colomban aupr\u00e8s des chr\u00e9tiens europ\u00e9ens\" style=\"width: 142px; height: 136px;\" \/> <\/a> <div class=\"tiled-gallery-caption\" itemprop=\"caption description\"> Mme McAleese souligna le r\u00f4le f\u00e9d\u00e9rateur de saint Colomban aupr\u00e8s des chr\u00e9tiens europ\u00e9ens <\/div> <\/div> <\/div> <!-- close group --> <div class=\"gallery-group images-1\" style=\"width: 185px; height: 140px;\" data-original-width=\"185\" data-original-height=\"140\" > <div class=\"tiled-gallery-item tiled-gallery-item-small\" itemprop=\"associatedMedia\" itemscope itemtype=\"http:\/\/schema.org\/ImageObject\"> <a href=\"https:\/\/www.amisaintcolomban.org\/wordpress\/26-27-juin-2010-fete-de-saint-colomban-a-bangor\/festival_colomban_2010_bangor_a45\/\" border=\"0\" itemprop=\"url\"> <meta itemprop=\"width\" content=\"181\"> <meta itemprop=\"height\" content=\"136\"> <img data-attachment-id=\"850\" data-orig-file=\"https:\/\/www.amisaintcolomban.org\/wordpress\/wp-content\/uploads\/Festival_colomban_2010_Bangor_a45.jpg\" data-orig-size=\"3456,2592\" data-comments-opened=\"1\" data-image-meta=\"{&quot;aperture&quot;:&quot;3.3&quot;,&quot;credit&quot;:&quot;&quot;,&quot;camera&quot;:&quot;DMC-TZ5&quot;,&quot;caption&quot;:&quot;&quot;,&quot;created_timestamp&quot;:&quot;1277557703&quot;,&quot;copyright&quot;:&quot;&quot;,&quot;focal_length&quot;:&quot;4.7&quot;,&quot;iso&quot;:&quot;500&quot;,&quot;shutter_speed&quot;:&quot;0.033333333333333&quot;,&quot;title&quot;:&quot;&quot;,&quot;orientation&quot;:&quot;1&quot;}\" data-image-title=\"Festival_colomban_2010_Bangor_a(45)\" data-image-description=\"\" data-medium-file=\"https:\/\/www.amisaintcolomban.org\/wordpress\/wp-content\/uploads\/Festival_colomban_2010_Bangor_a45-300x225.jpg\" data-large-file=\"https:\/\/www.amisaintcolomban.org\/wordpress\/wp-content\/uploads\/Festival_colomban_2010_Bangor_a45-1024x768.jpg\" src=\"https:\/\/i0.wp.com\/www.amisaintcolomban.org\/wordpress\/wp-content\/uploads\/Festival_colomban_2010_Bangor_a45.jpg?w=181&#038;h=136&#038;ssl=1\" width=\"181\" height=\"136\" data-original-width=\"181\" data-original-height=\"136\" itemprop=\"http:\/\/schema.org\/image\" title=\"Festival_colomban_2010_Bangor_a(45)\" alt=\"Une r\u00e9ception officielle avait \u00e9t\u00e9 organis\u00e9e par la ville de Bangor et la Pr\u00e9sidente prit le temps d&#039;\u00e9changer avec les diff\u00e9rentes d\u00e9l\u00e9gations venant d&#039;Italie, d&#039;Allemagne et de France\" style=\"width: 181px; height: 136px;\" \/> <\/a> <div class=\"tiled-gallery-caption\" itemprop=\"caption description\"> Une r\u00e9ception officielle avait \u00e9t\u00e9 organis\u00e9e par la ville de Bangor et la Pr\u00e9sidente prit le temps d&rsquo;\u00e9changer avec les diff\u00e9rentes d\u00e9l\u00e9gations venant d&rsquo;Italie, d&rsquo;Allemagne et de France <\/div> <\/div> <\/div> <!-- close group --> <\/div> <!-- close row --> <\/div>\n<h3>Le Dimanche&#160;: Armagh<\/h3>\n<div class=\"tiled-gallery type-rectangular tiled-gallery-unresized\" data-original-width=\"700\" data-carousel-extra='{&quot;blog_id&quot;:1,&quot;permalink&quot;:&quot;https:\\\/\\\/www.amisaintcolomban.org\\\/wordpress\\\/26-27-juin-2010-fete-de-saint-colomban-a-bangor\\\/&quot;,&quot;likes_blog_id&quot;:80492734}' itemscope itemtype=\"http:\/\/schema.org\/ImageGallery\" > <div class=\"gallery-row\" style=\"width: 700px; height: 247px;\" data-original-width=\"700\" data-original-height=\"247\" > <div class=\"gallery-group images-1\" style=\"width: 186px; height: 247px;\" data-original-width=\"186\" data-original-height=\"247\" > <div class=\"tiled-gallery-item tiled-gallery-item-small\" itemprop=\"associatedMedia\" itemscope itemtype=\"http:\/\/schema.org\/ImageObject\"> <a href=\"https:\/\/www.amisaintcolomban.org\/wordpress\/26-27-juin-2010-fete-de-saint-colomban-a-bangor\/armagh_b\/\" border=\"0\" itemprop=\"url\"> <meta itemprop=\"width\" content=\"182\"> <meta itemprop=\"height\" content=\"243\"> <img data-attachment-id=\"860\" data-orig-file=\"https:\/\/www.amisaintcolomban.org\/wordpress\/wp-content\/uploads\/armagh_B.jpg\" data-orig-size=\"2592,3456\" data-comments-opened=\"1\" data-image-meta=\"{&quot;aperture&quot;:&quot;3.3&quot;,&quot;credit&quot;:&quot;&quot;,&quot;camera&quot;:&quot;DMC-TZ5&quot;,&quot;caption&quot;:&quot;&quot;,&quot;created_timestamp&quot;:&quot;1277632231&quot;,&quot;copyright&quot;:&quot;&quot;,&quot;focal_length&quot;:&quot;4.7&quot;,&quot;iso&quot;:&quot;250&quot;,&quot;shutter_speed&quot;:&quot;0.033333333333333&quot;,&quot;title&quot;:&quot;&quot;,&quot;orientation&quot;:&quot;1&quot;}\" data-image-title=\"armagh_B\" data-image-description=\"\" data-medium-file=\"https:\/\/www.amisaintcolomban.org\/wordpress\/wp-content\/uploads\/armagh_B-225x300.jpg\" data-large-file=\"https:\/\/www.amisaintcolomban.org\/wordpress\/wp-content\/uploads\/armagh_B-768x1024.jpg\" src=\"https:\/\/i0.wp.com\/www.amisaintcolomban.org\/wordpress\/wp-content\/uploads\/armagh_B.jpg?w=182&#038;h=243&#038;ssl=1\" width=\"182\" height=\"243\" data-original-width=\"182\" data-original-height=\"243\" itemprop=\"http:\/\/schema.org\/image\" title=\"armagh_B\" alt=\"la cath\u00e9drale anglicane\" style=\"width: 182px; height: 243px;\" \/> <\/a> <div class=\"tiled-gallery-caption\" itemprop=\"caption description\"> la cath\u00e9drale anglicane <\/div> <\/div> <\/div> <!-- close group --> <div class=\"gallery-group images-1\" style=\"width: 328px; height: 247px;\" data-original-width=\"328\" data-original-height=\"247\" > <div class=\"tiled-gallery-item tiled-gallery-item-large\" itemprop=\"associatedMedia\" itemscope itemtype=\"http:\/\/schema.org\/ImageObject\"> <a href=\"https:\/\/www.amisaintcolomban.org\/wordpress\/26-27-juin-2010-fete-de-saint-colomban-a-bangor\/armagh_c\/\" border=\"0\" itemprop=\"url\"> <meta itemprop=\"width\" content=\"324\"> <meta itemprop=\"height\" content=\"243\"> <img data-attachment-id=\"861\" data-orig-file=\"https:\/\/www.amisaintcolomban.org\/wordpress\/wp-content\/uploads\/armagh_C.jpg\" data-orig-size=\"3456,2592\" data-comments-opened=\"1\" data-image-meta=\"{&quot;aperture&quot;:&quot;3.3&quot;,&quot;credit&quot;:&quot;&quot;,&quot;camera&quot;:&quot;DMC-TZ5&quot;,&quot;caption&quot;:&quot;&quot;,&quot;created_timestamp&quot;:&quot;1277632333&quot;,&quot;copyright&quot;:&quot;&quot;,&quot;focal_length&quot;:&quot;4.7&quot;,&quot;iso&quot;:&quot;400&quot;,&quot;shutter_speed&quot;:&quot;0.033333333333333&quot;,&quot;title&quot;:&quot;&quot;,&quot;orientation&quot;:&quot;1&quot;}\" data-image-title=\"armagh_C\" data-image-description=\"\" data-medium-file=\"https:\/\/www.amisaintcolomban.org\/wordpress\/wp-content\/uploads\/armagh_C-300x225.jpg\" data-large-file=\"https:\/\/www.amisaintcolomban.org\/wordpress\/wp-content\/uploads\/armagh_C-1024x768.jpg\" src=\"https:\/\/i0.wp.com\/www.amisaintcolomban.org\/wordpress\/wp-content\/uploads\/armagh_C.jpg?w=324&#038;h=243&#038;ssl=1\" width=\"324\" height=\"243\" data-original-width=\"324\" data-original-height=\"243\" itemprop=\"http:\/\/schema.org\/image\" title=\"armagh_C\" alt=\"la cath\u00e9drale catholique construite au XIXe si\u00e8cle\" style=\"width: 324px; height: 243px;\" \/> <\/a> <div class=\"tiled-gallery-caption\" itemprop=\"caption description\"> la cath\u00e9drale catholique construite au XIXe si\u00e8cle <\/div> <\/div> <\/div> <!-- close group --> <div class=\"gallery-group images-1\" style=\"width: 186px; height: 247px;\" data-original-width=\"186\" data-original-height=\"247\" > <div class=\"tiled-gallery-item tiled-gallery-item-small\" itemprop=\"associatedMedia\" itemscope itemtype=\"http:\/\/schema.org\/ImageObject\"> <a href=\"https:\/\/www.amisaintcolomban.org\/wordpress\/26-27-juin-2010-fete-de-saint-colomban-a-bangor\/armagh_a\/\" border=\"0\" itemprop=\"url\"> <meta itemprop=\"width\" content=\"182\"> <meta itemprop=\"height\" content=\"243\"> <img data-attachment-id=\"859\" data-orig-file=\"https:\/\/www.amisaintcolomban.org\/wordpress\/wp-content\/uploads\/armagh_A.jpg\" data-orig-size=\"2592,3456\" data-comments-opened=\"1\" data-image-meta=\"{&quot;aperture&quot;:&quot;3.3&quot;,&quot;credit&quot;:&quot;&quot;,&quot;camera&quot;:&quot;DMC-TZ5&quot;,&quot;caption&quot;:&quot;&quot;,&quot;created_timestamp&quot;:&quot;1277639009&quot;,&quot;copyright&quot;:&quot;&quot;,&quot;focal_length&quot;:&quot;4.7&quot;,&quot;iso&quot;:&quot;800&quot;,&quot;shutter_speed&quot;:&quot;0.01&quot;,&quot;title&quot;:&quot;&quot;,&quot;orientation&quot;:&quot;1&quot;}\" data-image-title=\"armagh_A\" data-image-description=\"\" data-medium-file=\"https:\/\/www.amisaintcolomban.org\/wordpress\/wp-content\/uploads\/armagh_A-225x300.jpg\" data-large-file=\"https:\/\/www.amisaintcolomban.org\/wordpress\/wp-content\/uploads\/armagh_A-768x1024.jpg\" src=\"https:\/\/i0.wp.com\/www.amisaintcolomban.org\/wordpress\/wp-content\/uploads\/armagh_A.jpg?w=182&#038;h=243&#038;ssl=1\" width=\"182\" height=\"243\" data-original-width=\"182\" data-original-height=\"243\" itemprop=\"http:\/\/schema.org\/image\" title=\"armagh_A\" alt=\"Le cardinal Sean Brady, primat d&#039;Irlande, c\u00e9l\u00e9bra la messe dans la cath\u00e9drale catholique d&#039;Armagh, il \u00e9tait assist\u00e9 des \u00e9v\u00eaques de Bobbio-Piacenza et de Lodi. Le p\u00e8re Veron, cur\u00e9 de la paroisse de Cancale Saint -Coulomb, participait \u00e0 cette c\u00e9l\u00e9bration.\" style=\"width: 182px; height: 243px;\" \/> <\/a> <div class=\"tiled-gallery-caption\" itemprop=\"caption description\"> Le cardinal Sean Brady, primat d&rsquo;Irlande, c\u00e9l\u00e9bra la messe dans la cath\u00e9drale catholique d&rsquo;Armagh, il \u00e9tait assist\u00e9 des \u00e9v\u00eaques de Bobbio-Piacenza et de Lodi. Le p\u00e8re Veron, cur\u00e9 de la paroisse de Cancale Saint -Coulomb, participait \u00e0 cette c\u00e9l\u00e9bration. <\/div> <\/div> <\/div> <!-- close group --> <\/div> <!-- close row --> <\/div>\n<h3><\/h3>\n","protected":false},"excerpt":{"rendered":"<p>Le Samedi&#160;: Bangor Le Dimanche&#160;: Armagh<\/p>\n","protected":false},"author":2,"featured_media":0,"comment_status":"closed","ping_status":"open","sticky":false,"template":"","format":"standard","meta":{"jetpack_post_was_ever_published":false,"jetpack_publicize_message":"","jetpack_is_tweetstorm":false,"jetpack_publicize_feature_enabled":true,"jetpack_social_post_already_shared":true,"jetpack_social_options":{"image_generator_settings":{"template":"highway","enabled":false}}},"categories":[20],"tags":[],"jetpack_publicize_connections":[],"jetpack_featured_media_url":"","jetpack_sharing_enabled":true,"jetpack_shortlink":"https:\/\/wp.me\/p5rJPU-dE","_links":{"self":[{"href":"https:\/\/www.amisaintcolomban.org\/wordpress\/wp-json\/wp\/v2\/posts\/846"}],"collection":[{"href":"https:\/\/www.amisaintcolomban.org\/wordpress\/wp-json\/wp\/v2\/posts"}],"about":[{"href":"https:\/\/www.amisaintcolomban.org\/wordpress\/wp-json\/wp\/v2\/types\/post"}],"author":[{"embeddable":true,"href":"https:\/\/www.amisaintcolomban.org\/wordpress\/wp-json\/wp\/v2\/users\/2"}],"replies":[{"embeddable":true,"href":"https:\/\/www.amisaintcolomban.org\/wordpress\/wp-json\/wp\/v2\/comments?post=846"}],"version-history":[{"count":3,"href":"https:\/\/www.amisaintcolomban.org\/wordpress\/wp-json\/wp\/v2\/posts\/846\/revisions"}],"predecessor-version":[{"id":862,"href":"https:\/\/www.amisaintcolomban.org\/wordpress\/wp-json\/wp\/v2\/posts\/846\/revisions\/862"}],"wp:attachment":[{"href":"https:\/\/www.amisaintcolomban.org\/wordpress\/wp-json\/wp\/v2\/media?parent=846"}],"wp:term":[{"taxonomy":"category","embeddable":true,"href":"https:\/\/www.amisaintcolomban.org\/wordpress\/wp-json\/wp\/v2\/categories?post=846"},{"taxonomy":"post_tag","embeddable":true,"href":"https:\/\/www.amisaintcolomban.org\/wordpress\/wp-json\/wp\/v2\/tags?post=846"}],"curies":[{"name":"wp","href":"https:\/\/api.w.org\/{rel}","templated":true}]}}