{"id":877,"date":"2015-01-19T19:49:50","date_gmt":"2015-01-19T18:49:50","guid":{"rendered":"http:\/\/www.amisaintcolomban.org\/wordpress\/?p=877"},"modified":"2015-02-04T08:45:40","modified_gmt":"2015-02-04T07:45:40","slug":"table-ronde-2010","status":"publish","type":"post","link":"https:\/\/www.amisaintcolomban.org\/wordpress\/table-ronde-2010\/","title":{"rendered":"Table ronde 2010"},"content":{"rendered":"<h3><img loading=\"lazy\" class=\"alignnone\" src=\"http:\/\/www.amisaintcolomban.org\/attachments\/Image\/Patrimoine_colombanien\/Patrimoine_colombanien_2010_affiche_A3internet.jpg\" alt=\"\" width=\"700\" height=\"990\" \/>Intervenants&#160;:<\/h3>\n<p>Jean-Michel Picard, Professeur, Head of School. School of Languages and Literatures.<br \/>\nUniversity College Dublin&#160;:\u00a0\u00ab Bangor et la formation irlandaise de saint Colomban \u00bb.<\/p>\n<p>Mich\u00e8le Gaillard , Professeur d\u2019Histoire m\u00e9di\u00e9vale, Universit\u00e9 Charles-de-Gaulle \u2013 Lille 3&#160;:\u00a0\u00ab La Gaule m\u00e9rovingienne \u00e0 l&rsquo;arriv\u00e9e de saint Colomban \u00bb<\/p>\n<p>Flavio Nuvolone, Professeur de patristique \u00e0 l&rsquo;Universit\u00e9 de Fribourg (Suisse). Directeur de la revue Archivum Bobbiense \u00e0 Bobbio. \u00ab\u00a0Les d\u00e9buts du monast\u00e8re de Bobbio \u00e0 l\u2019\u00e9poque m\u00e9rovingienne.\u00a0\u00bb<\/p>\n<p>S\u00e9bastien Bully, arch\u00e9ologue C.N.R.S., responsable du chantier de fouilles \u00e0 Luxeuil-les-Bains&#160;:<br \/>\nBilan des fouilles arch\u00e9ologiques de la place de la R\u00e9publique &#8211; Projet de protection et de mise en valeur du site arch\u00e9ologique.<\/p>\n<p>&nbsp;<\/p>\n","protected":false},"excerpt":{"rendered":"<p>Intervenants&#160;: Jean-Michel Picard, Professeur, Head of School. School of Languages and Literatures. University College Dublin&#160;:\u00a0\u00ab Bangor et la formation irlandaise de saint Colomban \u00bb. Mich\u00e8le Gaillard , Professeur d\u2019Histoire m\u00e9di\u00e9vale, Universit\u00e9 Charles-de-Gaulle \u2013 Lille 3&#160;:\u00a0\u00ab La Gaule m\u00e9rovingienne \u00e0 l&rsquo;arriv\u00e9e&hellip; <\/p>\n","protected":false},"author":2,"featured_media":0,"comment_status":"closed","ping_status":"open","sticky":false,"template":"","format":"standard","meta":{"jetpack_post_was_ever_published":false,"jetpack_publicize_message":"","jetpack_is_tweetstorm":false,"jetpack_publicize_feature_enabled":true,"jetpack_social_post_already_shared":true,"jetpack_social_options":{"image_generator_settings":{"template":"highway","enabled":false}}},"categories":[20],"tags":[],"jetpack_publicize_connections":[],"jetpack_featured_media_url":"","jetpack_sharing_enabled":true,"jetpack_shortlink":"https:\/\/wp.me\/p5rJPU-e9","_links":{"self":[{"href":"https:\/\/www.amisaintcolomban.org\/wordpress\/wp-json\/wp\/v2\/posts\/877"}],"collection":[{"href":"https:\/\/www.amisaintcolomban.org\/wordpress\/wp-json\/wp\/v2\/posts"}],"about":[{"href":"https:\/\/www.amisaintcolomban.org\/wordpress\/wp-json\/wp\/v2\/types\/post"}],"author":[{"embeddable":true,"href":"https:\/\/www.amisaintcolomban.org\/wordpress\/wp-json\/wp\/v2\/users\/2"}],"replies":[{"embeddable":true,"href":"https:\/\/www.amisaintcolomban.org\/wordpress\/wp-json\/wp\/v2\/comments?post=877"}],"version-history":[{"count":1,"href":"https:\/\/www.amisaintcolomban.org\/wordpress\/wp-json\/wp\/v2\/posts\/877\/revisions"}],"predecessor-version":[{"id":878,"href":"https:\/\/www.amisaintcolomban.org\/wordpress\/wp-json\/wp\/v2\/posts\/877\/revisions\/878"}],"wp:attachment":[{"href":"https:\/\/www.amisaintcolomban.org\/wordpress\/wp-json\/wp\/v2\/media?parent=877"}],"wp:term":[{"taxonomy":"category","embeddable":true,"href":"https:\/\/www.amisaintcolomban.org\/wordpress\/wp-json\/wp\/v2\/categories?post=877"},{"taxonomy":"post_tag","embeddable":true,"href":"https:\/\/www.amisaintcolomban.org\/wordpress\/wp-json\/wp\/v2\/tags?post=877"}],"curies":[{"name":"wp","href":"https:\/\/api.w.org\/{rel}","templated":true}]}}