{"id":890,"date":"2015-01-20T18:47:17","date_gmt":"2015-01-20T17:47:17","guid":{"rendered":"http:\/\/www.amisaintcolomban.org\/wordpress\/?p=890"},"modified":"2015-02-04T08:51:52","modified_gmt":"2015-02-04T07:51:52","slug":"table-ronde-2011","status":"publish","type":"post","link":"https:\/\/www.amisaintcolomban.org\/wordpress\/table-ronde-2011\/","title":{"rendered":"Table ronde 2011"},"content":{"rendered":"<h3><img loading=\"lazy\" class=\"alignleft\" src=\"http:\/\/www.amisaintcolomban.net\/attachments\/Image\/Patrimoine_colombanien\/Patrimoine_colombanien_2011_pour_site_inter.jpg\" alt=\"\" width=\"295\" height=\"418\" \/>19 novembre&#160;:\u00a0Troisi\u00e8me Table ronde europ\u00e9enne du patrimoine colombanien<\/h3>\n<h4>intervenants&#160;:<\/h4>\n<p>Jean-Michel Picard,<br \/>\nprofesseur \u00e0 l\u2019universit\u00e9 de Dublin, UCD,,(Irlande), membre de l\u2019Acad\u00e9mie Royale Irlandaise,<br \/>\n\u00a0\u00bb Entre l&rsquo;\u00c9gypte et Luxeuil&#160;: les manuscrits irlandais anciens\u00a0\u00bb<\/p>\n<p>David Ganz, professeur \u00e9m\u00e9rite en pal\u00e9ographie, King&rsquo;s College de Londres.<br \/>\n\u00ab Le scriptorium de Luxeuil et la liturgie m\u00e9rovingienne \u00bb<\/p>\n<p>Jean-Louis Walther, historien, sp\u00e9cialiste de la Bible de Moutier-Grandval (Suisse)<br \/>\n\u00ab Angelome de Luxeuil et la Bible de Moutier-Grandval \u00bb (IXe si\u00e8cle)<\/p>\n<p>Eleonora Destefanis, arch\u00e9ologue, ma\u00eetre de conf\u00e9rences \u00e0 l\u2019universit\u00e9 du Pi\u00e9mont Oriental, Vercelli (Italie)<br \/>\n\u00ab Bobbio et son scriptorium au Haut moyen \u00e2ge \u00bb<\/p>\n<p>Mark Stansbury, professeur, directeur des \u00e9tudes m\u00e9di\u00e9vales \u00e0 l\u2019universit\u00e9 de Galway (Irlande)<br \/>\nAgrestius et l\u2019\u00e9criture de Luxeuil<\/p>\n<p>Philippe Kahn, historien, vice pr\u00e9sident des Amis de saint Colomban.<br \/>\n\u00ab L\u2019\u00e9criture dite de Luxeuil \u00bb.<\/p>\n","protected":false},"excerpt":{"rendered":"<p>19 novembre&#160;:\u00a0Troisi\u00e8me Table ronde europ\u00e9enne du patrimoine colombanien intervenants&#160;: Jean-Michel Picard, professeur \u00e0 l\u2019universit\u00e9 de Dublin, UCD,,(Irlande), membre de l\u2019Acad\u00e9mie Royale Irlandaise, \u00a0\u00bb Entre l&rsquo;\u00c9gypte et Luxeuil&#160;: les manuscrits irlandais anciens\u00a0\u00bb David Ganz, professeur \u00e9m\u00e9rite en pal\u00e9ographie, King&rsquo;s College de&hellip; <\/p>\n","protected":false},"author":2,"featured_media":0,"comment_status":"closed","ping_status":"closed","sticky":false,"template":"","format":"standard","meta":{"jetpack_post_was_ever_published":false,"jetpack_publicize_message":"","jetpack_is_tweetstorm":false,"jetpack_publicize_feature_enabled":true,"jetpack_social_post_already_shared":true,"jetpack_social_options":{"image_generator_settings":{"template":"highway","enabled":false}}},"categories":[21],"tags":[],"jetpack_publicize_connections":[],"jetpack_featured_media_url":"","jetpack_sharing_enabled":true,"jetpack_shortlink":"https:\/\/wp.me\/p5rJPU-em","_links":{"self":[{"href":"https:\/\/www.amisaintcolomban.org\/wordpress\/wp-json\/wp\/v2\/posts\/890"}],"collection":[{"href":"https:\/\/www.amisaintcolomban.org\/wordpress\/wp-json\/wp\/v2\/posts"}],"about":[{"href":"https:\/\/www.amisaintcolomban.org\/wordpress\/wp-json\/wp\/v2\/types\/post"}],"author":[{"embeddable":true,"href":"https:\/\/www.amisaintcolomban.org\/wordpress\/wp-json\/wp\/v2\/users\/2"}],"replies":[{"embeddable":true,"href":"https:\/\/www.amisaintcolomban.org\/wordpress\/wp-json\/wp\/v2\/comments?post=890"}],"version-history":[{"count":1,"href":"https:\/\/www.amisaintcolomban.org\/wordpress\/wp-json\/wp\/v2\/posts\/890\/revisions"}],"predecessor-version":[{"id":891,"href":"https:\/\/www.amisaintcolomban.org\/wordpress\/wp-json\/wp\/v2\/posts\/890\/revisions\/891"}],"wp:attachment":[{"href":"https:\/\/www.amisaintcolomban.org\/wordpress\/wp-json\/wp\/v2\/media?parent=890"}],"wp:term":[{"taxonomy":"category","embeddable":true,"href":"https:\/\/www.amisaintcolomban.org\/wordpress\/wp-json\/wp\/v2\/categories?post=890"},{"taxonomy":"post_tag","embeddable":true,"href":"https:\/\/www.amisaintcolomban.org\/wordpress\/wp-json\/wp\/v2\/tags?post=890"}],"curies":[{"name":"wp","href":"https:\/\/api.w.org\/{rel}","templated":true}]}}