{"id":916,"date":"2015-03-17T10:20:15","date_gmt":"2015-03-17T09:20:15","guid":{"rendered":"http:\/\/www.amisaintcolomban.org\/wordpress\/?p=916"},"modified":"2017-05-03T10:05:55","modified_gmt":"2017-05-03T08:05:55","slug":"brendan-un-saint-irlandais","status":"publish","type":"post","link":"https:\/\/www.amisaintcolomban.org\/wordpress\/brendan-un-saint-irlandais\/","title":{"rendered":"Brendan, un saint irlandais"},"content":{"rendered":"<p>&nbsp;<\/p>\n<h3><a href=\"http:\/\/saintbrendan.d-t-x.com\/index.html\" target=\"_blank\" rel=\"noopener noreferrer\"><img data-attachment-id=\"904\" data-permalink=\"https:\/\/www.amisaintcolomban.org\/wordpress\/semaine-irlandaise\/p00livre2\/\" data-orig-file=\"https:\/\/www.amisaintcolomban.org\/wordpress\/wp-content\/uploads\/p00livre2.jpg\" data-orig-size=\"434,608\" data-comments-opened=\"1\" data-image-meta=\"{&quot;aperture&quot;:&quot;0&quot;,&quot;credit&quot;:&quot;Dominique&quot;,&quot;camera&quot;:&quot;&quot;,&quot;caption&quot;:&quot;&quot;,&quot;created_timestamp&quot;:&quot;1358184287&quot;,&quot;copyright&quot;:&quot;&quot;,&quot;focal_length&quot;:&quot;0&quot;,&quot;iso&quot;:&quot;0&quot;,&quot;shutter_speed&quot;:&quot;0&quot;,&quot;title&quot;:&quot;&quot;,&quot;orientation&quot;:&quot;0&quot;}\" data-image-title=\"p00livre2\" data-image-description=\"\" data-image-caption=\"\" data-medium-file=\"https:\/\/www.amisaintcolomban.org\/wordpress\/wp-content\/uploads\/p00livre2-214x300.jpg\" data-large-file=\"https:\/\/www.amisaintcolomban.org\/wordpress\/wp-content\/uploads\/p00livre2.jpg\" loading=\"lazy\" class=\"alignleft wp-image-904 size-medium\" src=\"http:\/\/www.amisaintcolomban.org\/wordpress\/wp-content\/uploads\/p00livre2-214x300.jpg\" alt=\"p00livre2\" width=\"214\" height=\"300\" srcset=\"https:\/\/www.amisaintcolomban.org\/wordpress\/wp-content\/uploads\/p00livre2-214x300.jpg 214w, https:\/\/www.amisaintcolomban.org\/wordpress\/wp-content\/uploads\/p00livre2.jpg 434w\" sizes=\"(max-width: 214px) 100vw, 214px\" \/><\/a>Brendan et le secret de Kells.<\/h3>\n<h4 style=\"text-align: justify;\">Le dimanche 22 mars \u00e0 17 h 30, au cin\u00e9ma Espace Moli\u00e8re de Luxeuil<\/h4>\n<p style=\"text-align: justify;\">entr\u00e9e&#160;: 3,50 \u20ac, dans le cadre du forfait journalier de l&rsquo;op\u00e9ration nationale \u00ab\u00a0le printemps du cin\u00e9ma\u00a0\u00a0\u00bb\u00a0Il n&rsquo;y a pas de r\u00e9servations.<\/p>\n<p style=\"text-align: justify;\">Odyss\u00e9e merveilleuse en m\u00eame temps que qu\u00eate, le \u00ab Voyage de saint Brendan \u00bb est un v\u00e9ritable bijou de la litt\u00e9rature m\u00e9di\u00e9vale.\u00a0C\u00e9l\u00e8bre durant tout le Moyen-\u00e2ge, le \u00ab Voyage de saint Brendan \u00bb a \u00e9t\u00e9 cont\u00e9 avant d&rsquo;\u00eatre r\u00e9dig\u00e9, en latin d&rsquo;abord, puis en dialecte fran\u00e7ais en usage en Angleterre apr\u00e8s la victoire de Guillaume le Conqu\u00e9rant. Curieusement l&rsquo;histoire de Brendan a disparu peu \u00e0 peu de la m\u00e9moire collective.<\/p>\n<p><a href=\"http:\/\/saintbrendan.d-t-x.com\/index.html\" target=\"_blank\" rel=\"noopener noreferrer\">En savoir plus<\/a><\/p>\n<p><a href=\"http:\/\/fr.wikipedia.org\/wiki\/Livre_de_Kells\" target=\"_blank\" rel=\"noopener noreferrer\">Voir aussi&#160;: Wikipedia, le livre de Kells<\/a><\/p>\n<h3><\/h3>\n","protected":false},"excerpt":{"rendered":"<p>&nbsp; Brendan et le secret de Kells. Le dimanche 22 mars \u00e0 17 h 30, au cin\u00e9ma Espace Moli\u00e8re de Luxeuil entr\u00e9e&#160;: 3,50 \u20ac, dans le cadre du forfait journalier de l&rsquo;op\u00e9ration nationale \u00ab\u00a0le printemps du cin\u00e9ma\u00a0\u00a0\u00bb\u00a0Il n&rsquo;y a pas&hellip; <\/p>\n","protected":false},"author":1,"featured_media":921,"comment_status":"open","ping_status":"open","sticky":false,"template":"","format":"standard","meta":{"jetpack_post_was_ever_published":false,"jetpack_publicize_message":"","jetpack_is_tweetstorm":false,"jetpack_publicize_feature_enabled":true,"jetpack_social_post_already_shared":true,"jetpack_social_options":{"image_generator_settings":{"template":"highway","enabled":false}}},"categories":[1],"tags":[],"jetpack_publicize_connections":[],"jetpack_featured_media_url":"https:\/\/www.amisaintcolomban.org\/wordpress\/wp-content\/uploads\/page_brendan_detail-e1426585053594.jpg","jetpack_sharing_enabled":true,"jetpack_shortlink":"https:\/\/wp.me\/p5rJPU-eM","_links":{"self":[{"href":"https:\/\/www.amisaintcolomban.org\/wordpress\/wp-json\/wp\/v2\/posts\/916"}],"collection":[{"href":"https:\/\/www.amisaintcolomban.org\/wordpress\/wp-json\/wp\/v2\/posts"}],"about":[{"href":"https:\/\/www.amisaintcolomban.org\/wordpress\/wp-json\/wp\/v2\/types\/post"}],"author":[{"embeddable":true,"href":"https:\/\/www.amisaintcolomban.org\/wordpress\/wp-json\/wp\/v2\/users\/1"}],"replies":[{"embeddable":true,"href":"https:\/\/www.amisaintcolomban.org\/wordpress\/wp-json\/wp\/v2\/comments?post=916"}],"version-history":[{"count":4,"href":"https:\/\/www.amisaintcolomban.org\/wordpress\/wp-json\/wp\/v2\/posts\/916\/revisions"}],"predecessor-version":[{"id":4713,"href":"https:\/\/www.amisaintcolomban.org\/wordpress\/wp-json\/wp\/v2\/posts\/916\/revisions\/4713"}],"wp:featuredmedia":[{"embeddable":true,"href":"https:\/\/www.amisaintcolomban.org\/wordpress\/wp-json\/wp\/v2\/media\/921"}],"wp:attachment":[{"href":"https:\/\/www.amisaintcolomban.org\/wordpress\/wp-json\/wp\/v2\/media?parent=916"}],"wp:term":[{"taxonomy":"category","embeddable":true,"href":"https:\/\/www.amisaintcolomban.org\/wordpress\/wp-json\/wp\/v2\/categories?post=916"},{"taxonomy":"post_tag","embeddable":true,"href":"https:\/\/www.amisaintcolomban.org\/wordpress\/wp-json\/wp\/v2\/tags?post=916"}],"curies":[{"name":"wp","href":"https:\/\/api.w.org\/{rel}","templated":true}]}}