{"id":945,"date":"2015-04-28T15:18:10","date_gmt":"2015-04-28T14:18:10","guid":{"rendered":"http:\/\/www.amisaintcolomban.org\/wordpress\/?p=945"},"modified":"2017-05-03T10:05:34","modified_gmt":"2017-05-03T08:05:34","slug":"entretien-des-sites-colombaniens","status":"publish","type":"post","link":"https:\/\/www.amisaintcolomban.org\/wordpress\/entretien-des-sites-colombaniens\/","title":{"rendered":"Entretien des sites colombaniens"},"content":{"rendered":"<div><\/div>\n<div><a href=\"http:\/\/www.amisaintcolomban.org\/wordpress\/photos-du-26-avril-2015\/\" target=\"_blank\" rel=\"noopener noreferrer\"><img data-attachment-id=\"946\" data-permalink=\"https:\/\/www.amisaintcolomban.org\/wordpress\/entretien-des-sites-colombaniens\/st_valbert_bassin_1\/\" data-orig-file=\"https:\/\/www.amisaintcolomban.org\/wordpress\/wp-content\/uploads\/st_valbert_bassin_1.jpg\" data-orig-size=\"800,1067\" data-comments-opened=\"1\" data-image-meta=\"{&quot;aperture&quot;:&quot;0&quot;,&quot;credit&quot;:&quot;&quot;,&quot;camera&quot;:&quot;&quot;,&quot;caption&quot;:&quot;&quot;,&quot;created_timestamp&quot;:&quot;0&quot;,&quot;copyright&quot;:&quot;&quot;,&quot;focal_length&quot;:&quot;0&quot;,&quot;iso&quot;:&quot;0&quot;,&quot;shutter_speed&quot;:&quot;0&quot;,&quot;title&quot;:&quot;&quot;,&quot;orientation&quot;:&quot;0&quot;}\" data-image-title=\"st_valbert_bassin_1\" data-image-description=\"\" data-image-caption=\"\" data-medium-file=\"https:\/\/www.amisaintcolomban.org\/wordpress\/wp-content\/uploads\/st_valbert_bassin_1-225x300.jpg\" data-large-file=\"https:\/\/www.amisaintcolomban.org\/wordpress\/wp-content\/uploads\/st_valbert_bassin_1-768x1024.jpg\" loading=\"lazy\" class=\"alignleft wp-image-946 size-medium\" src=\"http:\/\/www.amisaintcolomban.org\/wordpress\/wp-content\/uploads\/st_valbert_bassin_1-225x300.jpg\" alt=\"st_valbert_bassin_1\" width=\"225\" height=\"300\" srcset=\"https:\/\/www.amisaintcolomban.org\/wordpress\/wp-content\/uploads\/st_valbert_bassin_1-225x300.jpg 225w, https:\/\/www.amisaintcolomban.org\/wordpress\/wp-content\/uploads\/st_valbert_bassin_1-768x1024.jpg 768w, https:\/\/www.amisaintcolomban.org\/wordpress\/wp-content\/uploads\/st_valbert_bassin_1.jpg 800w\" sizes=\"(max-width: 225px) 100vw, 225px\" \/><\/a><\/div>\n<div style=\"text-align: justify;\">Dimanche dernier, dix-sept Amis et Amies se sont retrouv\u00e9s\u00a0lors d&rsquo;une journ\u00e9e consacr\u00e9e au\u00a0nettoyage du bassin ovale \u00e0 l&rsquo;ermitage de saint Valbert. <a title=\"Photos du 26 avril 2015\" href=\"http:\/\/www.amisaintcolomban.org\/wordpress\/photos-du-26-avril-2015\/\" target=\"_blank\" rel=\"noopener noreferrer\">Les photos, ci-jointes<\/a>, montrent le travail accompli dans une bonne humeur et une franche amiti\u00e9.<\/div>\n<div style=\"text-align: justify;\"><strong>Nous avons un nouveau rendez-vous le vendredi 8 mai \u00e0 la grotte de saint Colomban (Sainte-Marie en Chanois) \u00e0 9 h.<\/strong><\/div>\n<div style=\"text-align: justify;\">L&rsquo;objectif est de d\u00e9fricher une parcelle de bois permettant la cr\u00e9ation d&rsquo;un chemin de promenade autour du site. A midi, nous pr\u00e9voyons de faire un pique nique, je me propose de\u00a0centraliser les pr\u00e9parations des salades, desserts&#8230;. afin d&rsquo;\u00e9viter les exc\u00e9dents de nourriture. \u00a0Merci de me faire savoir si vous serez pr\u00e9sents, et si vous apporterez desserts, salades, etc.<\/div>\n<div style=\"text-align: justify;\">par t\u00e9l\u00e9phone (03 84 40 30 03) ou gr\u00e2ce au\u00a0formulaire en bas de cette page.<\/div>\n<div><\/div>\n<div style=\"text-align: justify;\">Malgr\u00e9 la grande diversit\u00e9 et la richesse des actions colombaniennes que nous engageons, je\u00a0me permets de\u00a0vous rappeler que l&rsquo;entretien des sites colombaniens est\u00a0l&rsquo;une des actions majeures de notre association. Venez nombreux partager\u00a0ce moment amical dans un cadre printanier.<\/div>\n<div><\/div>\n<div>Avec toute mon amiti\u00e9 colombanienne.<\/div>\n<div><\/div>\n","protected":false},"excerpt":{"rendered":"<p>Dimanche dernier, dix-sept Amis et Amies se sont retrouv\u00e9s\u00a0lors d&rsquo;une journ\u00e9e consacr\u00e9e au\u00a0nettoyage du bassin ovale \u00e0 l&rsquo;ermitage de saint Valbert. Les photos, ci-jointes, montrent le travail accompli dans une bonne humeur et une franche amiti\u00e9. Nous avons un nouveau&hellip; <\/p>\n","protected":false},"author":3,"featured_media":957,"comment_status":"open","ping_status":"open","sticky":false,"template":"","format":"standard","meta":{"jetpack_post_was_ever_published":false,"jetpack_publicize_message":"","jetpack_is_tweetstorm":false,"jetpack_publicize_feature_enabled":true,"jetpack_social_post_already_shared":true,"jetpack_social_options":{"image_generator_settings":{"template":"highway","enabled":false}}},"categories":[1],"tags":[],"jetpack_publicize_connections":[],"jetpack_featured_media_url":"https:\/\/www.amisaintcolomban.org\/wordpress\/wp-content\/uploads\/003.jpg","jetpack_sharing_enabled":true,"jetpack_shortlink":"https:\/\/wp.me\/p5rJPU-ff","_links":{"self":[{"href":"https:\/\/www.amisaintcolomban.org\/wordpress\/wp-json\/wp\/v2\/posts\/945"}],"collection":[{"href":"https:\/\/www.amisaintcolomban.org\/wordpress\/wp-json\/wp\/v2\/posts"}],"about":[{"href":"https:\/\/www.amisaintcolomban.org\/wordpress\/wp-json\/wp\/v2\/types\/post"}],"author":[{"embeddable":true,"href":"https:\/\/www.amisaintcolomban.org\/wordpress\/wp-json\/wp\/v2\/users\/3"}],"replies":[{"embeddable":true,"href":"https:\/\/www.amisaintcolomban.org\/wordpress\/wp-json\/wp\/v2\/comments?post=945"}],"version-history":[{"count":4,"href":"https:\/\/www.amisaintcolomban.org\/wordpress\/wp-json\/wp\/v2\/posts\/945\/revisions"}],"predecessor-version":[{"id":4712,"href":"https:\/\/www.amisaintcolomban.org\/wordpress\/wp-json\/wp\/v2\/posts\/945\/revisions\/4712"}],"wp:featuredmedia":[{"embeddable":true,"href":"https:\/\/www.amisaintcolomban.org\/wordpress\/wp-json\/wp\/v2\/media\/957"}],"wp:attachment":[{"href":"https:\/\/www.amisaintcolomban.org\/wordpress\/wp-json\/wp\/v2\/media?parent=945"}],"wp:term":[{"taxonomy":"category","embeddable":true,"href":"https:\/\/www.amisaintcolomban.org\/wordpress\/wp-json\/wp\/v2\/categories?post=945"},{"taxonomy":"post_tag","embeddable":true,"href":"https:\/\/www.amisaintcolomban.org\/wordpress\/wp-json\/wp\/v2\/tags?post=945"}],"curies":[{"name":"wp","href":"https:\/\/api.w.org\/{rel}","templated":true}]}}